{"id":51552,"date":"2024-05-29T08:01:23","date_gmt":"2024-05-29T11:01:23","guid":{"rendered":"http:\/\/www.sincomam.org.br\/?p=51552"},"modified":"2024-05-29T08:01:23","modified_gmt":"2024-05-29T11:01:23","slug":"porto-central-e-grupo-europeu-avaliam-estaleiro-de-reciclagem","status":"publish","type":"post","link":"https:\/\/www.sincomam.org.br\/index.php\/porto-central-e-grupo-europeu-avaliam-estaleiro-de-reciclagem\/","title":{"rendered":"Porto Central e grupo europeu avaliam estaleiro de reciclagem"},"content":{"rendered":"<p>O Porto Central e a M.A.R.S., Europe A\/S, subsidi\u00e1ria europeia da M.A.R.S., Inc, assinaram um memorando de entendimentos para uma pesquisa de viabilidade da implanta\u00e7\u00e3o do estaleiro especializado em projetos complexos de desmantelamento e reciclagem de navios, al\u00e9m de outros servi\u00e7os nessa \u00e1rea. O empreendimento, a ser constru\u00eddo em Presidente Kennedy, no litoral sul do Esp\u00edrito Santo, busca investidores interessados.<\/p>\n<p>Os empreendedores do Porto Central destacam que a empresa europeia \u00e9 especializada em projetos complexos e refer\u00eancia nessas opera\u00e7\u00f5es. \u201cA parceria visa a realizar pesquisas aprofundadas para apurar a viabilidade e os potenciais benef\u00edcios de um projeto desse tipo no sul capixaba, refor\u00e7ando um compromisso com pr\u00e1ticas sustent\u00e1veis \u200b\u200be desenvolvimento econ\u00f4mico\u201d, informou o Porto Central em nota.<\/p>\n<p>O projeto proposto prev\u00ea um estaleiro que contribua com a cria\u00e7\u00e3o de empregos e gera\u00e7\u00e3o de receitas, preserva\u00e7\u00e3o ambiental e crescimento sustent\u00e1vel. O escopo completo do complexo industrial e portu\u00e1rio vislumbra a explora\u00e7\u00e3o de mais de 20 milh\u00f5es de metros quadrados, que poder\u00e1 receber embarca\u00e7\u00f5es com calado de at\u00e9 25 metros, podendo movimentar diversos tipos de carga, incluindo petr\u00f3leo bruto, g\u00e1s, gera\u00e7\u00e3o de energia, apoio offshore, gr\u00e3os, fertilizantes, min\u00e9rios, cont\u00eaineres e carga geral.<\/p>\n<p>Fonte: Portos e Navios<\/p>\n","protected":false},"excerpt":{"rendered":"<p>O Porto Central e a M.A.R.S., Europe A\/S, subsidi\u00e1ria europeia da M.A.R.S., Inc, assinaram um memorando de entendimentos para uma pesquisa de viabilidade da implanta\u00e7\u00e3o&#8230;<\/p>\n","protected":false},"author":1527,"featured_media":51553,"comment_status":"closed","ping_status":"closed","sticky":false,"template":"","format":"standard","meta":{"footnotes":""},"categories":[6],"tags":[],"class_list":["post-51552","post","type-post","status-publish","format-standard","has-post-thumbnail","hentry","category-noticias"],"_links":{"self":[{"href":"https:\/\/www.sincomam.org.br\/index.php\/wp-json\/wp\/v2\/posts\/51552","targetHints":{"allow":["GET"]}}],"collection":[{"href":"https:\/\/www.sincomam.org.br\/index.php\/wp-json\/wp\/v2\/posts"}],"about":[{"href":"https:\/\/www.sincomam.org.br\/index.php\/wp-json\/wp\/v2\/types\/post"}],"author":[{"embeddable":true,"href":"https:\/\/www.sincomam.org.br\/index.php\/wp-json\/wp\/v2\/users\/1527"}],"replies":[{"embeddable":true,"href":"https:\/\/www.sincomam.org.br\/index.php\/wp-json\/wp\/v2\/comments?post=51552"}],"version-history":[{"count":1,"href":"https:\/\/www.sincomam.org.br\/index.php\/wp-json\/wp\/v2\/posts\/51552\/revisions"}],"predecessor-version":[{"id":51554,"href":"https:\/\/www.sincomam.org.br\/index.php\/wp-json\/wp\/v2\/posts\/51552\/revisions\/51554"}],"wp:featuredmedia":[{"embeddable":true,"href":"https:\/\/www.sincomam.org.br\/index.php\/wp-json\/wp\/v2\/media\/51553"}],"wp:attachment":[{"href":"https:\/\/www.sincomam.org.br\/index.php\/wp-json\/wp\/v2\/media?parent=51552"}],"wp:term":[{"taxonomy":"category","embeddable":true,"href":"https:\/\/www.sincomam.org.br\/index.php\/wp-json\/wp\/v2\/categories?post=51552"},{"taxonomy":"post_tag","embeddable":true,"href":"https:\/\/www.sincomam.org.br\/index.php\/wp-json\/wp\/v2\/tags?post=51552"}],"curies":[{"name":"wp","href":"https:\/\/api.w.org\/{rel}","templated":true}]}}