{"id":51544,"date":"2024-05-27T23:18:07","date_gmt":"2024-05-28T02:18:07","guid":{"rendered":"http:\/\/www.sincomam.org.br\/?p=51544"},"modified":"2024-05-27T23:18:07","modified_gmt":"2024-05-28T02:18:07","slug":"rio-limpo-amazonia-viva-faz-parte-do-calendario-oficial-da-reuniao-do-g20","status":"publish","type":"post","link":"https:\/\/www.sincomam.org.br\/index.php\/rio-limpo-amazonia-viva-faz-parte-do-calendario-oficial-da-reuniao-do-g20\/","title":{"rendered":"Rio Limpo, Amaz\u00f4nia Viva faz parte do calend\u00e1rio oficial da Reuni\u00e3o do G20"},"content":{"rendered":"<p dir=\"ltr\">O evento Rio Limpo, Amaz\u00f4nia Viva, que vai acontecer entre os dias 5 e 7 de junho em Parintins (AM), faz parte do calend\u00e1rio oficial dos Di\u00e1logos Oce\u00e2nicos da Reuni\u00e3o do G20.<\/p>\n<p dir=\"ltr\">Entre os prop\u00f3sitos deste encontro est\u00e1 fomentar um di\u00e1logo essencial sobre a conserva\u00e7\u00e3o e o uso sustent\u00e1vel das \u00e1guas, abordando temas para uma economia azul sustent\u00e1vel, especialmente na regi\u00e3o amaz\u00f4nica.<\/p>\n<p dir=\"ltr\">A proposta \u00e9 levantar recomenda\u00e7\u00f5es e diretrizes que ser\u00e3o discutidas no evento a fim de subsidiar as discuss\u00f5es do Grupo Tem\u00e1tico da Oceans 20, que vai acontecer em novembro no Rio de Janeiro (RJ) no G20.<\/p>\n<p dir=\"ltr\">O G20 \u00e9 o principal f\u00f3rum de coopera\u00e7\u00e3o econ\u00f4mica internacional que re\u00fane os pa\u00edses com as maiores economias do mundo. Os encontros dos Estados-membros dessa c\u00fapula acontecem anualmente para discutir iniciativas econ\u00f4micas, pol\u00edticas e sociais.<\/p>\n<p dir=\"ltr\">O evento \u00e9 uma parceria com o Pacto Global da ONU &#8211; Rede Brasil, por meio da iniciativa Oceans 20; com a Prefeitura de Parintins, por meio da Secretaria Municipal de Desenvolvimento Sustent\u00e1vel e Meio Ambiente (SEDEMA); e com o SENAC Parintins. O encontro ocorre semanas antes do Festival Folcl\u00f3rico de Parintins, que atrai turistas de todo o pa\u00eds, aumentando o fluxo de pessoas que utilizam o transporte fluvial de passageiros.<\/p>\n<p dir=\"ltr\"><strong>Cronograma do evento:<\/strong><\/p>\n<p dir=\"ltr\"><strong>5 de junho &#8211;\u00a0<\/strong>Ser\u00e1 realizada a\u00e7\u00e3o interativa e de educa\u00e7\u00e3o ambiental com alunos da regi\u00e3o, al\u00e9m de uma Roda de Mulheres com lideran\u00e7as locais.<\/p>\n<p dir=\"ltr\"><strong>6 de junho &#8211;\u00a0<\/strong>Vai acontecer o semin\u00e1rio executivo composto por pain\u00e9is tem\u00e1ticos: Di\u00e1logos Sustentabilidade Ambiental, Di\u00e1logos Sustentabilidade Social; Di\u00e1logos de Governan\u00e7a na Sustentabilidade.<\/p>\n<p dir=\"ltr\"><strong>7 de junho &#8211;<\/strong>\u00a0No \u00faltimo dia do evento, ser\u00e1 realizada uma caminhada ecol\u00f3gica com a participa\u00e7\u00e3o da comunidade local.<\/p>\n<p dir=\"ltr\">Fonte: Antaq<\/p>\n","protected":false},"excerpt":{"rendered":"<p>O evento Rio Limpo, Amaz\u00f4nia Viva, que vai acontecer entre os dias 5 e 7 de junho em Parintins (AM), faz parte do calend\u00e1rio oficial&#8230;<\/p>\n","protected":false},"author":1527,"featured_media":51545,"comment_status":"closed","ping_status":"closed","sticky":false,"template":"","format":"standard","meta":{"footnotes":""},"categories":[6],"tags":[],"class_list":["post-51544","post","type-post","status-publish","format-standard","has-post-thumbnail","hentry","category-noticias"],"_links":{"self":[{"href":"https:\/\/www.sincomam.org.br\/index.php\/wp-json\/wp\/v2\/posts\/51544","targetHints":{"allow":["GET"]}}],"collection":[{"href":"https:\/\/www.sincomam.org.br\/index.php\/wp-json\/wp\/v2\/posts"}],"about":[{"href":"https:\/\/www.sincomam.org.br\/index.php\/wp-json\/wp\/v2\/types\/post"}],"author":[{"embeddable":true,"href":"https:\/\/www.sincomam.org.br\/index.php\/wp-json\/wp\/v2\/users\/1527"}],"replies":[{"embeddable":true,"href":"https:\/\/www.sincomam.org.br\/index.php\/wp-json\/wp\/v2\/comments?post=51544"}],"version-history":[{"count":1,"href":"https:\/\/www.sincomam.org.br\/index.php\/wp-json\/wp\/v2\/posts\/51544\/revisions"}],"predecessor-version":[{"id":51546,"href":"https:\/\/www.sincomam.org.br\/index.php\/wp-json\/wp\/v2\/posts\/51544\/revisions\/51546"}],"wp:featuredmedia":[{"embeddable":true,"href":"https:\/\/www.sincomam.org.br\/index.php\/wp-json\/wp\/v2\/media\/51545"}],"wp:attachment":[{"href":"https:\/\/www.sincomam.org.br\/index.php\/wp-json\/wp\/v2\/media?parent=51544"}],"wp:term":[{"taxonomy":"category","embeddable":true,"href":"https:\/\/www.sincomam.org.br\/index.php\/wp-json\/wp\/v2\/categories?post=51544"},{"taxonomy":"post_tag","embeddable":true,"href":"https:\/\/www.sincomam.org.br\/index.php\/wp-json\/wp\/v2\/tags?post=51544"}],"curies":[{"name":"wp","href":"https:\/\/api.w.org\/{rel}","templated":true}]}}