{"id":51528,"date":"2024-05-28T06:28:23","date_gmt":"2024-05-28T09:28:23","guid":{"rendered":"http:\/\/www.sincomam.org.br\/?p=51528"},"modified":"2024-05-27T22:33:55","modified_gmt":"2024-05-28T01:33:55","slug":"portos-brasileiros-participam-de-missao-na-espanha","status":"publish","type":"post","link":"https:\/\/www.sincomam.org.br\/index.php\/portos-brasileiros-participam-de-missao-na-espanha\/","title":{"rendered":"Portos brasileiros participam de miss\u00e3o na Espanha"},"content":{"rendered":"<p>Nesta segunda-feira (27\/5), em Madri, o presidente da institui\u00e7\u00e3o espanhola, \u00c1lvaro Rodriguez, falou sobre as possibilidades de investimentos e interc\u00e2mbios entre portos do Brasil, da Espanha e da Col\u00f4mbia.<\/p>\n<p>Autoridades do setor portu\u00e1rio e de infraestrutura e com\u00e9rcio da Espanha tamb\u00e9m estavam presentes. A iniciativa faz parte da Agenda Misi\u00f3n Inversa Puertos Brasile\u00f1os Y Colombianos, que re\u00fane os dirigentes dos portos espanh\u00f3is, de Barcelona e Val\u00eancia, e da Col\u00f4mbia, de Cartagena, Santa Marta e Buenaventura. S\u00e3o 46 os portos subordinados ao Portos do Estado, que re\u00fanem 28 autoridades portu\u00e1rias. A fun\u00e7\u00e3o estrat\u00e9gica dos portos \u00e9 defendida pelos gestores p\u00fablicos, que busca equilibrar o interesse dos agentes privados com as necessidades da sociedade espanhola e da Uni\u00e3o Europeia.<\/p>\n<p>Os portos brasileiros s\u00e3o representados pelo presidente da Autoridade Portu\u00e1ria de Santos (APS), Anderson Pomini; o presidente do Porto de S\u00e3o Sebasti\u00e3o (SP), Alexandre Ernesto Corr\u00eaa Sampaio; pelo superintendente do Porto de Itaja\u00ed, F\u00e1bio de Veiga; pelo superintendente de Gest\u00e3o Estrat\u00e9gica da PortosRio, Luis Cesar Silveira da Fonseca Filho; e pelo diretor financeiro e administrativo da Portos do Paran\u00e1, Marcos Alfredo Bonoski. O encontro teve a organiza\u00e7\u00e3o da analista de Mercado do Escrit\u00f3rio Econ\u00f4mico e Comercial em S\u00e3o Paulo da Embaixada da Espanha no Brasil, Paloma Groizard Leite.<\/p>\n<p>Pela Col\u00f4mbia estavam representados os portos de Cartagena, Santa Marta e Buenaventura. Tamb\u00e9m participaram a Companhia de Portos Associados, a C\u00e2mara Mar\u00edtima e Portu\u00e1ria, a Associa\u00e7\u00e3o Nacional de Empres\u00e1rios da Col\u00f4mbia e a Embaixada da Espanha na Col\u00f4mbia.<\/p>\n<p>A programa\u00e7\u00e3o inclui visita t\u00e9cnica ao Porto de Barcelona, dia 28, com a apresenta\u00e7\u00e3o dos planos estrat\u00e9gicos e de inova\u00e7\u00e3o. Em Val\u00eancia, dia 29, Anderson Pomini participar\u00e1 de mesa redonda sobre inova\u00e7\u00f5es portu\u00e1rias e falar\u00e1 dos projetos neste sentido no Porto de Santos.<\/p>\n<p>No dia 30, os integrantes da miss\u00e3o v\u00e3o conhecer os sistemas de inova\u00e7\u00e3o tecnol\u00f3gica j\u00e1 aplicados no Porto de Val\u00eancia em visita organizada pela ValenciaPort.<\/p>\n<p>Fonte: Portos e Navios<\/p>\n","protected":false},"excerpt":{"rendered":"<p>Nesta segunda-feira (27\/5), em Madri, o presidente da institui\u00e7\u00e3o espanhola, \u00c1lvaro Rodriguez, falou sobre as possibilidades de investimentos e interc\u00e2mbios entre portos do Brasil, da&#8230;<\/p>\n","protected":false},"author":1527,"featured_media":51529,"comment_status":"closed","ping_status":"closed","sticky":false,"template":"","format":"standard","meta":{"footnotes":""},"categories":[6],"tags":[],"class_list":["post-51528","post","type-post","status-publish","format-standard","has-post-thumbnail","hentry","category-noticias"],"_links":{"self":[{"href":"https:\/\/www.sincomam.org.br\/index.php\/wp-json\/wp\/v2\/posts\/51528","targetHints":{"allow":["GET"]}}],"collection":[{"href":"https:\/\/www.sincomam.org.br\/index.php\/wp-json\/wp\/v2\/posts"}],"about":[{"href":"https:\/\/www.sincomam.org.br\/index.php\/wp-json\/wp\/v2\/types\/post"}],"author":[{"embeddable":true,"href":"https:\/\/www.sincomam.org.br\/index.php\/wp-json\/wp\/v2\/users\/1527"}],"replies":[{"embeddable":true,"href":"https:\/\/www.sincomam.org.br\/index.php\/wp-json\/wp\/v2\/comments?post=51528"}],"version-history":[{"count":1,"href":"https:\/\/www.sincomam.org.br\/index.php\/wp-json\/wp\/v2\/posts\/51528\/revisions"}],"predecessor-version":[{"id":51530,"href":"https:\/\/www.sincomam.org.br\/index.php\/wp-json\/wp\/v2\/posts\/51528\/revisions\/51530"}],"wp:featuredmedia":[{"embeddable":true,"href":"https:\/\/www.sincomam.org.br\/index.php\/wp-json\/wp\/v2\/media\/51529"}],"wp:attachment":[{"href":"https:\/\/www.sincomam.org.br\/index.php\/wp-json\/wp\/v2\/media?parent=51528"}],"wp:term":[{"taxonomy":"category","embeddable":true,"href":"https:\/\/www.sincomam.org.br\/index.php\/wp-json\/wp\/v2\/categories?post=51528"},{"taxonomy":"post_tag","embeddable":true,"href":"https:\/\/www.sincomam.org.br\/index.php\/wp-json\/wp\/v2\/tags?post=51528"}],"curies":[{"name":"wp","href":"https:\/\/api.w.org\/{rel}","templated":true}]}}