{"id":5151,"date":"2014-04-29T09:04:13","date_gmt":"2014-04-29T12:04:13","guid":{"rendered":"http:\/\/www.sincomam.org.br\/?p=5151"},"modified":"2014-04-29T09:05:07","modified_gmt":"2014-04-29T12:05:07","slug":"instituto-da-marinha-em-arraial-do-cabo-rj-comemora-30-anos","status":"publish","type":"post","link":"https:\/\/www.sincomam.org.br\/index.php\/instituto-da-marinha-em-arraial-do-cabo-rj-comemora-30-anos\/","title":{"rendered":"Instituto da Marinha em Arraial do Cabo, RJ, comemora 30 anos"},"content":{"rendered":"<p>Chegar a uma data marcante \u00e9 sempre motivo de comemora\u00e7\u00e3o. Ainda mais quando o trabalho de tr\u00eas d\u00e9cadas \u00e9 premiado com uma grande conquista. No \u00faltimo fim de semana, o Instituto de Estudos do Mar Almirante Paulo Moreira (IEAPM), base da Marinha do Brasil em Arraial do Cabo, na Regi\u00e3o dos Lagos do Rio, comemorou 30 anos abrindo os port\u00f5es para a popula\u00e7\u00e3o e anunciando a conquista da primeira patente, que foi registrada nos Estados Unidos (EUA).<\/p>\n<p>O feito foi resultado de uma pesquisa inovadora para utiliza\u00e7\u00e3o de tintas mar\u00edtimas anti-incrustantes, ou seja, que impedem a cria\u00e7\u00e3o de crostas nos cascos das embarca\u00e7\u00f5es. Um detalhe importante \u00e9 que o produto \u00e9 isento de subst\u00e2ncias nocivas ao meio ambiente. O objetivo \u00e9 que o produto seja disponibilizado no mercado para ser usado em navios e plataformas de petr\u00f3leo.<\/p>\n<p>&#8220;A cria\u00e7\u00e3o de crostas nas embarca\u00e7\u00f5es, al\u00e9m de transportar organismos de uma regi\u00e3o para outra, tornando esses organismos invasores onde eles chegam, tamb\u00e9m fazem com que as embarca\u00e7\u00f5es fiquem mais pesadas, gastando mais combust\u00edvel. As tintas anti-incrustantes que existiam no mercado eram altamente nocivas ao ambiente, por isso foram proibidas. Desde 2007 iniciamos essa pesquisa, em parceria com a UFRJ, na tentativa de descobrir elementos naturais que tenham esse efeito. Separamos uma cadeia de esponjas e conseguimos sintetizar quimicamente a subst\u00e2ncia que tem essa a\u00e7\u00e3o anti crostas. Essa subst\u00e2ncia foi testada, teve bons resultados e foi patenteada nos Estados Unidos. Agora buscamos firmar parcerias com a ind\u00fastria qu\u00edmica para que esse produto possa ser desenvolvido e encaminhado para as fabricantes de tintas&#8221;, explicou o capit\u00e3o-de-fragata William Rom\u00e3o, chefe do Grupo de Oceanografia Qu\u00edmica e Geoqu\u00edmica do IEAPM.<\/p>\n<p>O instituto conta, ainda, com os grupos de Oceanografia F\u00edsica e Biol\u00f3gica, de Geologia e Geof\u00edsica Marinhas, de Ac\u00fastica Submarina e de Sensoreamento Remoto. Durante a programa\u00e7\u00e3o do anivers\u00e1rio, que durou de sexta-feira (25) a domingo (27) &#8211; o anivers\u00e1rio foi comemorado no s\u00e1bado (26) &#8211; uma das atra\u00e7\u00f5es foi a abertura dos port\u00f5es para a comunidade. Segundo o comandante do IEAPM, o contra-almirante Oscar Moreira da Silva Filho, o objetivo \u00e9 aproximar a comunidade.<\/p>\n<p>&#8220;Muita gente sabe que existe um &#8216;quartel&#8217; da Marinha em Arraial do Cabo mas n\u00e3o sabe o que a gente faz. Queremos explicar como fazemos nossas pesquisas e a import\u00e2ncia do IEAPM entre os principais institutos de pesquisas no mar em todo o Brasil&#8221;, assinala o diretor.<\/p>\n<p><b>Excel\u00eancia at\u00e9 2017<\/b><\/p>\n<p>A iniciativa foi comemorada por crian\u00e7as e pais que aproveitaram a programa\u00e7\u00e3o. Morador de Arraial do Cabo, Hilson J\u00fanior aproveitou o domingo para levar a mulher e os filhos, Lucas, de 12 anos, e Pedro, de 9, at\u00e9 o local. Ele considera importante que as crian\u00e7as tenham contato com o mundo das pesquisas.<\/p>\n<p>&#8220;Isso desperta a curiosidade deles. Acho bom esse tipo de atividade para que comunidade tome ci\u00eancia da import\u00e2ncia desse instituto&#8221;, disse ele.<\/p>\n<p>&#8220;Eu gostei mais de ver os pl\u00e2nctons iluminando as ondas do mar&#8221;, completou o filho Lucas sobre a experi\u00eancia de ver os microorganismos em um microsc\u00f3pio.<\/p>\n<p>Durante a visita, a popula\u00e7\u00e3o p\u00f4de acompanhar o in\u00edcio de um processo de revitaliza\u00e7\u00e3o do instituto. S\u00e3o tr\u00eas novos pr\u00e9dios em constru\u00e7\u00e3o para a instala\u00e7\u00e3o de novos laborat\u00f3rios.<\/p>\n<p>&#8220;Al\u00e9m das melhorias na estrutura, estamos capacitando nossos pesquisadores com cursos e interc\u00e2mbios. Nosso objetiivo \u00e9 ter o reconhecimento da classe acad\u00eamica como um instituto de excel\u00eancia at\u00e9 2017&#8221;, explicou o diretor Oscar Moreira Filho.<\/p>\n<p><b>Projeto Cabo Frio<\/b><\/p>\n<p>A hist\u00f3ria do IEAPM se mistura com a carreira profissional da bi\u00f3loga Eliane Gonzales Rodriguez. Atual chefe do departamento de pesquisas, ela era uma estagi\u00e1ria quando viu o vice-almirante Paulo de Castro Moreira da Silva iniciar o Projeto Cabo Frio, que resultou na cria\u00e7\u00e3o do instituto.<\/p>\n<p>&#8220;Ele era um vision\u00e1rio e sempre quis mostrar a import\u00e2ncia de conhecermos as riquezas do mar. Trabalhou muito para criar isso aqui e gostava de atrair os jovens para estudar e pesquisar sobre o oceano. Depois de 30 anos, tudo o que ele dizia ainda se mostra muito atual. Precisamos trabalhar para que a sociedade entenda a import\u00e2ncia da preserva\u00e7\u00e3o do mar&#8221;, conta a bi\u00f3loga, analisando tamb\u00e9m o que mudou na rotina de trabalho desde ent\u00e3o.<\/p>\n<p>&#8220;Antes faz\u00edamos as pesquisas de forma manual. \u00c0s vezes uma an\u00e1lise demorava meses. Hoje temos equipamentos de ponta e fazemos monitoramentos em tempo real&#8221;, completou.<\/p>\n<p>O Projeto Cabo Frio &#8211; que resultou na cria\u00e7\u00e3o do IEAPM &#8211; teve in\u00edcio em novembro de 1971, idealizado pelo vice-almirante Paulo de Castro Moreira da Silva, que na \u00e9poca exercia o cargo de Diretor do Instituto de Pesquisas da Marinha. O projeto tinha como objetivo a cria\u00e7\u00e3o de uma institui\u00e7\u00e3o destinada a apoiar e executar estudos do mar e de seus recursos oceanogr\u00e1ficos, f\u00edsico-qu\u00edmicos e biol\u00f3gicos, estimulando a produ\u00e7\u00e3o natural e promovendo a produ\u00e7\u00e3o controlada de peixes, crust\u00e1ceos, moluscos e algas, com o m\u00e1ximo aproveitamento das condi\u00e7\u00f5es ambientais existentes na regi\u00e3o.<\/p>\n<p>Absorvendo a infraestrutura de pesquisa e capacita\u00e7\u00e3o t\u00e9cnica j\u00e1 existentes no Projeto Cabo Frio, foi criado em 26 de abril de 1984 o Instituto Nacional de Estudos do Mar (INEM). No ano seguinte teve sua denomina\u00e7\u00e3o alterada para Instituto de Estudos do Mar Almirante Paulo Moreira (IEAPM), em homenagem ao seu idealizador.<\/p>\n<p>O local escolhido para instala\u00e7\u00e3o da sede n\u00e3o foi por acaso. As caracter\u00edsticas geogr\u00e1ficas da regi\u00e3o de Cabo Frio, tais como a mudan\u00e7a de orienta\u00e7\u00e3o da linha da costa, o estreitamento da plataforma continental e o vento predominante na dire\u00e7\u00e3o nordeste, favorecem a ocorr\u00eancia de um fen\u00f4meno conhecido como Ressurg\u00eancia \u2013 afloramento de \u00e1guas profundas, frias e ricas em nutrientes \u2013 conferindo \u00e0 regi\u00e3o condi\u00e7\u00f5es meteorol\u00f3gicas e oceanogr\u00e1ficas \u00fanicas e tornando Arraial do Cabo (na \u00e9poca distrito de Cabo Frio) uma \u00e1rea ideal para sediar uma institui\u00e7\u00e3o voltada \u00e0 investiga\u00e7\u00e3o das ci\u00eancias e processos marinhos.<\/p>\n<p>Fonte: G1 Regi\u00e3o dos Lagos\/Tom\u00e1s Baggio &#8211; Foto: divulga\u00e7\u00e3o &#8211;\u00a0Museu Oceanogr\u00e1fico da Marinha em Arraial do Cabo<\/p>\n","protected":false},"excerpt":{"rendered":"<p>Chegar a uma data marcante \u00e9 sempre motivo de comemora\u00e7\u00e3o. Ainda mais quando o trabalho de tr\u00eas d\u00e9cadas \u00e9 premiado com uma grande conquista. No&#8230;<\/p>\n","protected":false},"author":1182,"featured_media":5153,"comment_status":"closed","ping_status":"closed","sticky":false,"template":"","format":"standard","meta":{"footnotes":""},"categories":[6],"tags":[1032,1033,1030,20,1031,1013],"class_list":["post-5151","post","type-post","status-publish","format-standard","has-post-thumbnail","hentry","category-noticias","tag-1032","tag-anos","tag-arraial-do-cabo","tag-comemoracao","tag-ieapm","tag-marinha-do-brasil"],"_links":{"self":[{"href":"https:\/\/www.sincomam.org.br\/index.php\/wp-json\/wp\/v2\/posts\/5151","targetHints":{"allow":["GET"]}}],"collection":[{"href":"https:\/\/www.sincomam.org.br\/index.php\/wp-json\/wp\/v2\/posts"}],"about":[{"href":"https:\/\/www.sincomam.org.br\/index.php\/wp-json\/wp\/v2\/types\/post"}],"author":[{"embeddable":true,"href":"https:\/\/www.sincomam.org.br\/index.php\/wp-json\/wp\/v2\/users\/1182"}],"replies":[{"embeddable":true,"href":"https:\/\/www.sincomam.org.br\/index.php\/wp-json\/wp\/v2\/comments?post=5151"}],"version-history":[{"count":1,"href":"https:\/\/www.sincomam.org.br\/index.php\/wp-json\/wp\/v2\/posts\/5151\/revisions"}],"predecessor-version":[{"id":5154,"href":"https:\/\/www.sincomam.org.br\/index.php\/wp-json\/wp\/v2\/posts\/5151\/revisions\/5154"}],"wp:featuredmedia":[{"embeddable":true,"href":"https:\/\/www.sincomam.org.br\/index.php\/wp-json\/wp\/v2\/media\/5153"}],"wp:attachment":[{"href":"https:\/\/www.sincomam.org.br\/index.php\/wp-json\/wp\/v2\/media?parent=5151"}],"wp:term":[{"taxonomy":"category","embeddable":true,"href":"https:\/\/www.sincomam.org.br\/index.php\/wp-json\/wp\/v2\/categories?post=5151"},{"taxonomy":"post_tag","embeddable":true,"href":"https:\/\/www.sincomam.org.br\/index.php\/wp-json\/wp\/v2\/tags?post=5151"}],"curies":[{"name":"wp","href":"https:\/\/api.w.org\/{rel}","templated":true}]}}