{"id":51509,"date":"2024-05-27T10:09:47","date_gmt":"2024-05-27T13:09:47","guid":{"rendered":"http:\/\/www.sincomam.org.br\/?p=51509"},"modified":"2024-05-27T10:09:47","modified_gmt":"2024-05-27T13:09:47","slug":"fundacion-valenciaport-apresenta-plano-de-descarbonizacao-da-portos-do-parana","status":"publish","type":"post","link":"https:\/\/www.sincomam.org.br\/index.php\/fundacion-valenciaport-apresenta-plano-de-descarbonizacao-da-portos-do-parana\/","title":{"rendered":"FUNDACI\u00d3N VALENCIAPORT APRESENTA PLANO DE DESCARBONIZA\u00c7\u00c3O DA PORTOS DO PARAN\u00c1"},"content":{"rendered":"<p>A comunidade portu\u00e1ria da Portos do Paran\u00e1 conheceu as etapas para a elabora\u00e7\u00e3o do Plano de Descarboniza\u00e7\u00e3o da empresa p\u00fablica, um projeto em desenvolvimento pela Fundaci\u00f3n Valenciaport, que foi apresentado nesta segunda-feira (20), no audit\u00f3rio do Pal\u00e1cio Taguar\u00e9.<\/p>\n<p>Al\u00e9m da elabora\u00e7\u00e3o do projeto, a empresa p\u00fablica tamb\u00e9m \u00e9 signat\u00e1ria da Alian\u00e7a Brasileira para Descarboniza\u00e7\u00e3o de Portos e est\u00e1 alinhada aos Objetivos do Desenvolvimento de Sustent\u00e1vel (ODS) da ONU. A parceria entre a Portos do Paran\u00e1 e a Fundaci\u00f3n teve in\u00edcio oficialmente em 2020, quando a empresa p\u00fablica firmou um termo de coopera\u00e7\u00e3o t\u00e9cnica com o centro espanhol de pesquisa e inova\u00e7\u00e3o, que \u00e9 refer\u00eancia mundial na \u00e1rea.<\/p>\n<p>\u201cN\u00f3s somos demandados por clientes internacionais, principalmente europeus, sobre qual \u00e9 a nossa pegada de carbono e, hoje, grandes multinacionais j\u00e1 trabalham com essa perspectiva. N\u00f3s, da Portos do Paran\u00e1, e o Porto de Itaqui estamos liderando esse projeto no Brasil junto com a Fundaci\u00f3n Valenciaport para conquistar esta identifica\u00e7\u00e3o\u201d, enfatizou o diretor-presidente da Portos do Paran\u00e1, Luiz Fernando Garcia.<\/p>\n<p>O diretor de transi\u00e7\u00e3o energ\u00e9tica e sustentabilidade, Josep Sanz Argent, o diretor de Projetos e consultor de Inova\u00e7\u00e3o e Estrat\u00e9gia Portu\u00e1ria, Jonas Mendes Constante, e a consultora s\u00eanior, Jussara Neto Mendes, trouxeram os principais objetivos do plano em desenvolvimento pela Fundaci\u00f3n Valenciaport, al\u00e9m do case em andamento de descarboniza\u00e7\u00e3o do Porto de Val\u00eancia, na Espanha, que busca a emiss\u00e3o de carbono zero at\u00e9 2030.<\/p>\n<p>\u201cParticipamos do plano de descarboniza\u00e7\u00e3o compartilhando nossa experi\u00eancia e o que aprendemos ao longo do caminho\u201d, explicou Argent. Com expectativa de 20 meses para conclus\u00e3o do projeto, os objetivos principais s\u00e3o calcular as emiss\u00f5es de CO2 em todas as log\u00edsticas portu\u00e1rias do litoral paranaense e o desenvolvimento de estrat\u00e9gias de descarboniza\u00e7\u00e3o em conjunto com as \u00e1reas portu\u00e1rias.<\/p>\n<p>\u201cO primeiro dia de visitas da equipe da Fundaci\u00f3n Valenciaport para o lan\u00e7amento do plano de descarboniza\u00e7\u00e3o foi muito importante, porque a gente percebeu uma ades\u00e3o massiva da comunidade portu\u00e1ria. Foi a oportunidade de eles compreenderem quais ser\u00e3o as demandas ap\u00f3s essa semana visitas t\u00e9cnicas da institui\u00e7\u00e3o espanhola\u201d, comentou o diretor de Meio Ambiente da Portos do Paran\u00e1, Jo\u00e3o Paulo Santana.<\/p>\n<p>\u201cAgora a nossa equipe vai estar aqui ao longo desta semana visitando as empresas e terminais da comunidade portu\u00e1ria, apresentando as demandas de informa\u00e7\u00e3o que precisamos para a nossa metodologia, bem como coletando dados e conhecendo na pr\u00e1tica para, muito em breve, voltarmos para apresentar o c\u00e1lculo da pegada de carbono de todo o complexo portu\u00e1rio gerenciado pela Portos do Paran\u00e1\u201d, explicou Jonas Mendes. As visitas t\u00e9cnicas aos portos paranaenses continuam at\u00e9 sexta-feira (24).<\/p>\n<p>Fonte: Informativo dos Portos<\/p>\n","protected":false},"excerpt":{"rendered":"<p>A comunidade portu\u00e1ria da Portos do Paran\u00e1 conheceu as etapas para a elabora\u00e7\u00e3o do Plano de Descarboniza\u00e7\u00e3o da empresa p\u00fablica, um projeto em desenvolvimento pela&#8230;<\/p>\n","protected":false},"author":1527,"featured_media":51231,"comment_status":"closed","ping_status":"closed","sticky":false,"template":"","format":"standard","meta":{"footnotes":""},"categories":[6],"tags":[],"class_list":["post-51509","post","type-post","status-publish","format-standard","has-post-thumbnail","hentry","category-noticias"],"_links":{"self":[{"href":"https:\/\/www.sincomam.org.br\/index.php\/wp-json\/wp\/v2\/posts\/51509","targetHints":{"allow":["GET"]}}],"collection":[{"href":"https:\/\/www.sincomam.org.br\/index.php\/wp-json\/wp\/v2\/posts"}],"about":[{"href":"https:\/\/www.sincomam.org.br\/index.php\/wp-json\/wp\/v2\/types\/post"}],"author":[{"embeddable":true,"href":"https:\/\/www.sincomam.org.br\/index.php\/wp-json\/wp\/v2\/users\/1527"}],"replies":[{"embeddable":true,"href":"https:\/\/www.sincomam.org.br\/index.php\/wp-json\/wp\/v2\/comments?post=51509"}],"version-history":[{"count":1,"href":"https:\/\/www.sincomam.org.br\/index.php\/wp-json\/wp\/v2\/posts\/51509\/revisions"}],"predecessor-version":[{"id":51510,"href":"https:\/\/www.sincomam.org.br\/index.php\/wp-json\/wp\/v2\/posts\/51509\/revisions\/51510"}],"wp:featuredmedia":[{"embeddable":true,"href":"https:\/\/www.sincomam.org.br\/index.php\/wp-json\/wp\/v2\/media\/51231"}],"wp:attachment":[{"href":"https:\/\/www.sincomam.org.br\/index.php\/wp-json\/wp\/v2\/media?parent=51509"}],"wp:term":[{"taxonomy":"category","embeddable":true,"href":"https:\/\/www.sincomam.org.br\/index.php\/wp-json\/wp\/v2\/categories?post=51509"},{"taxonomy":"post_tag","embeddable":true,"href":"https:\/\/www.sincomam.org.br\/index.php\/wp-json\/wp\/v2\/tags?post=51509"}],"curies":[{"name":"wp","href":"https:\/\/api.w.org\/{rel}","templated":true}]}}