{"id":51498,"date":"2024-05-24T10:33:19","date_gmt":"2024-05-24T13:33:19","guid":{"rendered":"http:\/\/www.sincomam.org.br\/?p=51498"},"modified":"2024-05-24T10:39:04","modified_gmt":"2024-05-24T13:39:04","slug":"inss-comeca-a-pagar-nesta-sexta-decimo-terceiro-antecipado","status":"publish","type":"post","link":"https:\/\/www.sincomam.org.br\/index.php\/inss-comeca-a-pagar-nesta-sexta-decimo-terceiro-antecipado\/","title":{"rendered":"INSS come\u00e7a a pagar nesta sexta d\u00e9cimo terceiro antecipado"},"content":{"rendered":"<p>Os aposentados e pensionistas do Instituto Nacional do Seguro Social (INSS) come\u00e7am a receber nesta sexta-feira (24) a segunda parcela do d\u00e9cimo terceiro. At\u00e9 7 de junho, mais de 33,6 milh\u00f5es de segurados receber\u00e3o o dinheiro, que ser\u00e1 pago conforme o d\u00edgito final do N\u00famero de Inscri\u00e7\u00e3o Social (NIS).<\/p>\n<p>O pagamento da segunda parcela come\u00e7a pelos segurados que ganham o sal\u00e1rio m\u00ednimo. Quem recebe mais que o m\u00ednimo come\u00e7a a receber em 3 de junho.<\/p>\n<p>O extrato com os valores e as datas de pagamento do d\u00e9cimo terceiro est\u00e1 dispon\u00edvel desde abril. A consulta pode ser feita tanto pelo aplicativo Meu INSS, dispon\u00edvel para celulares e tablets, como pelo\u00a0<em>site<\/em>\u00a0<a href=\"https:\/\/meu.inss.gov.br\/#\/login\" target=\"_blank\" rel=\"noopener\">gov.br\/meuinss<\/a>.<\/p>\n<p>Quem n\u00e3o tiver acesso \u00e0 internet pode consultar a libera\u00e7\u00e3o do d\u00e9cimo terceiro pelo telefone 135. Nesse caso, \u00e9 necess\u00e1rio informar o n\u00famero do Cadastro de Pessoas F\u00edsicas (CPF) e confirmar alguns dados ao atendente antes de fazer a consulta. O atendimento telef\u00f4nico est\u00e1 dispon\u00edvel de segunda a s\u00e1bado, das 7h \u00e0s 22h.<\/p>\n<p>&nbsp;<\/p>\n<div class=\"dnd-widget-wrapper context-cheio_8colunas type-image\">\n<div class=\"dnd-atom-rendered\">\n<div class=\"shadow overflow-hidden rounded-lg d-block w-100\"><img decoding=\"async\" class=\"flex-fill img-cover\" title=\"Arte\/Ag\u00eancia Brasil\" src=\"https:\/\/imagens.ebc.com.br\/SSwSga7b_Y5t-UuPoLiojNCE1_I=\/754x0\/smart\/https:\/\/agenciabrasil.ebc.com.br\/sites\/default\/files\/thumbnails\/image\/2024\/05\/02\/13-tabela1.png?itok=IsLSaauK\" alt=\"Calend\u00e1rio pagamento 13\u00ba INSS - at\u00e9 1 sal\u00e1rio\" \/><\/div>\n<\/div>\n<\/div>\n","protected":false},"excerpt":{"rendered":"<p>Os aposentados e pensionistas do Instituto Nacional do Seguro Social (INSS) come\u00e7am a receber nesta sexta-feira (24) a segunda parcela do d\u00e9cimo terceiro. At\u00e9 7&#8230;<\/p>\n","protected":false},"author":1527,"featured_media":51499,"comment_status":"closed","ping_status":"closed","sticky":false,"template":"","format":"standard","meta":{"footnotes":""},"categories":[6],"tags":[],"class_list":["post-51498","post","type-post","status-publish","format-standard","has-post-thumbnail","hentry","category-noticias"],"_links":{"self":[{"href":"https:\/\/www.sincomam.org.br\/index.php\/wp-json\/wp\/v2\/posts\/51498","targetHints":{"allow":["GET"]}}],"collection":[{"href":"https:\/\/www.sincomam.org.br\/index.php\/wp-json\/wp\/v2\/posts"}],"about":[{"href":"https:\/\/www.sincomam.org.br\/index.php\/wp-json\/wp\/v2\/types\/post"}],"author":[{"embeddable":true,"href":"https:\/\/www.sincomam.org.br\/index.php\/wp-json\/wp\/v2\/users\/1527"}],"replies":[{"embeddable":true,"href":"https:\/\/www.sincomam.org.br\/index.php\/wp-json\/wp\/v2\/comments?post=51498"}],"version-history":[{"count":2,"href":"https:\/\/www.sincomam.org.br\/index.php\/wp-json\/wp\/v2\/posts\/51498\/revisions"}],"predecessor-version":[{"id":51505,"href":"https:\/\/www.sincomam.org.br\/index.php\/wp-json\/wp\/v2\/posts\/51498\/revisions\/51505"}],"wp:featuredmedia":[{"embeddable":true,"href":"https:\/\/www.sincomam.org.br\/index.php\/wp-json\/wp\/v2\/media\/51499"}],"wp:attachment":[{"href":"https:\/\/www.sincomam.org.br\/index.php\/wp-json\/wp\/v2\/media?parent=51498"}],"wp:term":[{"taxonomy":"category","embeddable":true,"href":"https:\/\/www.sincomam.org.br\/index.php\/wp-json\/wp\/v2\/categories?post=51498"},{"taxonomy":"post_tag","embeddable":true,"href":"https:\/\/www.sincomam.org.br\/index.php\/wp-json\/wp\/v2\/tags?post=51498"}],"curies":[{"name":"wp","href":"https:\/\/api.w.org\/{rel}","templated":true}]}}