{"id":51472,"date":"2024-05-23T09:26:33","date_gmt":"2024-05-23T12:26:33","guid":{"rendered":"http:\/\/www.sincomam.org.br\/?p=51472"},"modified":"2024-05-23T09:26:33","modified_gmt":"2024-05-23T12:26:33","slug":"barcas-que-ligam-niteroi-ao-rio-terao-tarifa-mais-barata-em-nova-concessao","status":"publish","type":"post","link":"https:\/\/www.sincomam.org.br\/index.php\/barcas-que-ligam-niteroi-ao-rio-terao-tarifa-mais-barata-em-nova-concessao\/","title":{"rendered":"Barcas que ligam Niter\u00f3i ao Rio ter\u00e3o tarifa mais barata em nova concess\u00e3o"},"content":{"rendered":"<div class=\"texto\">Os passageiros das barcas que ligam Niter\u00f3i ao Rio, tanto da linha Arariboia x Pra\u00e7a XV quanto da Charitas x Pra\u00e7a XV, v\u00e3o poder pagar uma tarifa mais barata em breve. Apesar de ainda n\u00e3o ter uma data espec\u00edfica para este reajuste, a novidade foi divulgada nesta segunda-feira (20), pelo Secret\u00e1rio de Estado de Transportes e Mobilidade Urbana, Washington Reis, junto de Rodrigo Neves, ex-prefeito da cidade da Regi\u00e3o Metropolitana.<\/div>\n<div><\/div>\n<div class=\"texto\">Em v\u00eddeo publicado no Instagram, Neves e Reis informaram que a redu\u00e7\u00e3o \u00e9 uma das exig\u00eancias presentes no novo edital de concess\u00e3o do transporte, que &#8220;est\u00e1 sendo elaborado pela Secretaria de Transportes e ser\u00e1 realizado no segundo semestre deste ano.&#8221;<\/div>\n<div><\/div>\n<div>\n<div class=\"texto\">O novo pre\u00e7o ainda n\u00e3o foi informado. Atualmente, a\u00a0tarifa da barca de Charitas \u00e9 de R$ 21,00, enquanto a da Pra\u00e7a Arariboia custa R$ 7,70.<\/div>\n<div class=\"texto\">Segundo a Secretaria de Estado de Transporte e Mobilidade Urbana (Setram), a proposta de licita\u00e7\u00e3o para a pr\u00f3xima concess\u00e3o prev\u00ea a inclus\u00e3o da linha social Charitas x Pra\u00e7a XV, trazendo uma op\u00e7\u00e3o mais barata aos passageiros, prevista em lei.<\/div>\n<\/div>\n<div><\/div>\n<div>Em 2021, o Tribunal de Justi\u00e7a do Estado do Rio de Janeiro (TJRJ)\u00a0negou uma a\u00e7\u00e3o da Procuradoria-Geral do Estado do Rio (PGE-RJ) que pedia a anula\u00e7\u00e3o da tarifa social\u00a0dos catamar\u00e3s que faziam a travessia.\u00a0Com a decis\u00e3o, a lei segue valendo e tanto o governo quanto a concession\u00e1ria que administrar\u00e1 o servi\u00e7o ter\u00e3o que cumprir a medida e estabelecer crit\u00e9rios para que a norma esteja presente no pr\u00f3ximo edital de concess\u00e3o do servi\u00e7o.<\/p>\n<p>A CCR Barcas deixar\u00e1 de administrar o trecho em fevereiro de 2025 ap\u00f3s v\u00e1rias disputas judiciais com o governo.<\/p><\/div>\n<div><\/div>\n<div>Fonte: O Dia<\/div>\n","protected":false},"excerpt":{"rendered":"<p>Os passageiros das barcas que ligam Niter\u00f3i ao Rio, tanto da linha Arariboia x Pra\u00e7a XV quanto da Charitas x Pra\u00e7a XV, v\u00e3o poder pagar&#8230;<\/p>\n","protected":false},"author":1527,"featured_media":51473,"comment_status":"closed","ping_status":"closed","sticky":false,"template":"","format":"standard","meta":{"footnotes":""},"categories":[6],"tags":[],"class_list":["post-51472","post","type-post","status-publish","format-standard","has-post-thumbnail","hentry","category-noticias"],"_links":{"self":[{"href":"https:\/\/www.sincomam.org.br\/index.php\/wp-json\/wp\/v2\/posts\/51472","targetHints":{"allow":["GET"]}}],"collection":[{"href":"https:\/\/www.sincomam.org.br\/index.php\/wp-json\/wp\/v2\/posts"}],"about":[{"href":"https:\/\/www.sincomam.org.br\/index.php\/wp-json\/wp\/v2\/types\/post"}],"author":[{"embeddable":true,"href":"https:\/\/www.sincomam.org.br\/index.php\/wp-json\/wp\/v2\/users\/1527"}],"replies":[{"embeddable":true,"href":"https:\/\/www.sincomam.org.br\/index.php\/wp-json\/wp\/v2\/comments?post=51472"}],"version-history":[{"count":1,"href":"https:\/\/www.sincomam.org.br\/index.php\/wp-json\/wp\/v2\/posts\/51472\/revisions"}],"predecessor-version":[{"id":51474,"href":"https:\/\/www.sincomam.org.br\/index.php\/wp-json\/wp\/v2\/posts\/51472\/revisions\/51474"}],"wp:featuredmedia":[{"embeddable":true,"href":"https:\/\/www.sincomam.org.br\/index.php\/wp-json\/wp\/v2\/media\/51473"}],"wp:attachment":[{"href":"https:\/\/www.sincomam.org.br\/index.php\/wp-json\/wp\/v2\/media?parent=51472"}],"wp:term":[{"taxonomy":"category","embeddable":true,"href":"https:\/\/www.sincomam.org.br\/index.php\/wp-json\/wp\/v2\/categories?post=51472"},{"taxonomy":"post_tag","embeddable":true,"href":"https:\/\/www.sincomam.org.br\/index.php\/wp-json\/wp\/v2\/tags?post=51472"}],"curies":[{"name":"wp","href":"https:\/\/api.w.org\/{rel}","templated":true}]}}