{"id":51469,"date":"2024-05-23T09:16:40","date_gmt":"2024-05-23T12:16:40","guid":{"rendered":"http:\/\/www.sincomam.org.br\/?p=51469"},"modified":"2024-05-23T09:18:05","modified_gmt":"2024-05-23T12:18:05","slug":"petrobras-comite-aprova-curriculo-de-magda-chambriard-conselho-de-administracao-vota-na-sexta","status":"publish","type":"post","link":"https:\/\/www.sincomam.org.br\/index.php\/petrobras-comite-aprova-curriculo-de-magda-chambriard-conselho-de-administracao-vota-na-sexta\/","title":{"rendered":"Petrobras: comit\u00ea aprova curr\u00edculo de Magda Chambriard; Conselho de Administra\u00e7\u00e3o vota na sexta"},"content":{"rendered":"<div id=\"chunk-dmcgv\">\n<div class=\"mc-column content-text active-extra-styles \" data-block-type=\"unstyled\" data-block-weight=\"25\" data-block-id=\"2\">\n<p class=\" content-text__container \" data-track-category=\"Link no Texto\" data-track-links=\"\" data-mrf-recirculation=\"Article links\">O Comit\u00ea de Pessoas do Conselho de Administra\u00e7\u00e3o da\u00a0Petrobras\u00a0aprovou nesta quarta-feira (22) a indica\u00e7\u00e3o da engenheira Magda Chambriard como nova presidente da estatal.<\/p>\n<\/div>\n<\/div>\n<div class=\"wall protected-content\">\n<div id=\"chunk-3d8a0\">\n<div class=\"mc-column content-text active-extra-styles \" data-block-type=\"unstyled\" data-block-weight=\"26\" data-block-id=\"4\">\n<p class=\" content-text__container \" data-track-category=\"Link no Texto\" data-track-links=\"\" data-mrf-recirculation=\"Article links\">Magda foi indicada pelo presidente Lula na semana passada. O nome ainda deve ser votado pelo pr\u00f3prio Conselho de Administra\u00e7\u00e3o da Petrobras, na pr\u00f3xima sexta (24).<\/p>\n<div id=\"chunk-e8igt\">\n<div class=\"mc-column content-text active-extra-styles \" data-block-type=\"unstyled\" data-block-weight=\"30\" data-block-id=\"6\">\n<p class=\" content-text__container \" data-track-category=\"Link no Texto\" data-track-links=\"\" data-mrf-recirculation=\"Article links\">No texto, a Petrobras refor\u00e7ou que, com a ren\u00fancia do agora ex-presidente Jean Paul Prates, basta a aprova\u00e7\u00e3o do Conselho de Administra\u00e7\u00e3o para que Magda assuma o comando da Petrobras.<\/p>\n<\/div>\n<\/div>\n<div id=\"chunk-5cp7o\">\n<div class=\"tag-manager-publicidade-container mc-has-reveal mc-has-ad-lazyload tag-manager-publicidade-banner_materia2 tag-manager-publicidade-container--carregado tag-manager-publicidade-container--visivel\" data-id=\"banner_materia2\" data-google-query-id=\"CPzjxIHgo4YDFbFQuAQdh8oHqg\">\n<div id=\"chunk-c1suh\">\n<div class=\"mc-column content-text active-extra-styles \" data-block-type=\"unstyled\" data-block-weight=\"34\" data-block-id=\"8\">\n<p class=\" content-text__container \" data-track-category=\"Link no Texto\" data-track-links=\"\" data-mrf-recirculation=\"Article links\">O rito tradicional prev\u00ea que o nome tamb\u00e9m deve ser validado na Assembleia de Acionistas. Segundo a Petrobras, isso poder\u00e1 acontecer na pr\u00f3xima Assembleia-Geral prevista no calend\u00e1rio \u2013 ou seja, sem convocar sess\u00e3o extraordin\u00e1ria.<\/p>\n<\/div>\n<\/div>\n<div id=\"chunk-4rh0h\">\n<div class=\"bs-video-block mc-column content-media content-video\" data-block-type=\"backstage-video\" data-block-id=\"9\">\n<div class=\"content-media__container\">\n<div class=\"content-video__bigger-player-description-fixer\">\n<article class=\"content-video\">\n<section class=\"content-video__video-container\">\n<div class=\"content-video__video\">\n<div id=\"wp3-player-1\" class=\"clappr-player\" tabindex=\"9999\" data-player=\"\">\n<div class=\"dfp-ad-overlay dfp-ad-overlay--poster-mode\">\n<div id=\"chunk-92oe7\">\n<div class=\"mc-column content-text active-extra-styles\" data-block-type=\"raw\" data-block-weight=\"3\" data-block-id=\"10\">\n<div class=\"content-intertitle\">\n<h2>Troca de comando<\/h2>\n<\/div>\n<p>Magda Chambriard foi diretora-geral da Ag\u00eancia Nacional de Petr\u00f3leo, G\u00e1s e Biocombust\u00edveis (ANP) no governo Dilma.<\/p>\n<\/div>\n<\/div>\n<div id=\"chunk-2drkc\">\n<div class=\"mc-column content-text active-extra-styles \" data-block-type=\"unstyled\" data-block-weight=\"28\" data-block-id=\"12\">\n<p class=\" content-text__container \" data-track-category=\"Link no Texto\" data-track-links=\"\" data-mrf-recirculation=\"Article links\">Ela foi indicada pelo presidente Lula em substitui\u00e7\u00e3o a Jean Paul Prates \u2013 demitido ap\u00f3s meses de &#8220;fritura&#8221; pol\u00edtica e disputa interna com o governo em diversos pontos.<\/p>\n<\/div>\n<\/div>\n<div id=\"chunk-b7fn9\">\n<div class=\"mc-column content-text active-extra-styles \" data-block-type=\"unstyled\" data-block-weight=\"43\" data-block-id=\"13\">\n<p class=\" content-text__container \" data-track-category=\"Link no Texto\" data-track-links=\"\" data-mrf-recirculation=\"Article links\">No centro da disputa estavam Prates e o ministro de Minas e Energia, Alexandre Silveira. A pol\u00eamica sobre o pagamento dos dividendos aos acionistas da Petrobras \u2013 quando Prates resistiu a uma orienta\u00e7\u00e3o do governo \u2013 teria sido a &#8220;gota d&#8217;\u00e1gua&#8221;, segundo interlocutores.<\/p>\n<div id=\"chunk-43djo\">\n<div class=\"mc-column content-text active-extra-styles \" data-block-type=\"unstyled\" data-block-weight=\"17\" data-block-id=\"15\">\n<p class=\" content-text__container \" data-track-category=\"Link no Texto\" data-track-links=\"\" data-mrf-recirculation=\"Article links\">Atualmente, a Petrobras \u00e9 comandada de forma interina pela economista Clarice Coppeti, membro da diretoria-executiva da estatal.<\/p>\n<\/div>\n<\/div>\n<div class=\"block-podcast\">\n<div id=\"chunk-99nhj\">\n<div class=\"mc-column content-text active-extra-styles\" data-block-type=\"raw\" data-block-weight=\"1\" data-block-id=\"17\">\n<div class=\"content-intertitle\">\n<h2>Perfil<\/h2>\n<\/div>\n<p>Formada em engenharia civil pela Universidade Federal do Rio de Janeiro (UFRJ), Magda Chambriard \u00e9 mestre em engenharia qu\u00edmica. Ela tamb\u00e9m tem especializa\u00e7\u00f5es em engenharia de reservat\u00f3rios e avalia\u00e7\u00e3o de forma\u00e7\u00f5es, al\u00e9m de produ\u00e7\u00e3o de petr\u00f3leo e g\u00e1s.<\/p>\n<\/div>\n<\/div>\n<div id=\"chunk-bnhg5\">\n<div class=\"mc-column content-text active-extra-styles \" data-block-type=\"unstyled\" data-block-weight=\"36\" data-block-id=\"19\">\n<p class=\" content-text__container \" data-track-category=\"Link no Texto\" data-track-links=\"\" data-mrf-recirculation=\"Article links\">A engenheira come\u00e7ou a trabalhar na Petrobras em 1980, atuando na \u00e1rea de produ\u00e7\u00e3o por mais de 20 anos. Em 2002, assumiu a assessoria da diretoria de Explora\u00e7\u00e3o e Produ\u00e7\u00e3o da Ag\u00eancia Nacional de Petr\u00f3leo (ANP).<\/p>\n<\/div>\n<\/div>\n<div id=\"chunk-132dn\">\n<div class=\"mc-column content-text active-extra-styles \" data-block-type=\"unstyled\" data-block-weight=\"29\" data-block-id=\"20\">\n<p class=\" content-text__container \" data-track-category=\"Link no Texto\" data-track-links=\"\" data-mrf-recirculation=\"Article links\">Em 2008, Magda assessorou a comiss\u00e3o interministerial criada pelo presidente Lula para estudar as regras de explora\u00e7\u00e3o e produ\u00e7\u00e3o das reservas de petr\u00f3leo e g\u00e1s na \u00e1rea do pr\u00e9-sal.<\/p>\n<div id=\"chunk-fh7af\">\n<div class=\"mc-column content-text active-extra-styles \" data-block-type=\"unstyled\" data-block-weight=\"27\" data-block-id=\"22\">\n<p class=\" content-text__container \" data-track-category=\"Link no Texto\" data-track-links=\"\" data-mrf-recirculation=\"Article links\">J\u00e1 em 2012, ela assumiu a diretoria-geral da ANP, onde permaneceu at\u00e9 2016. Enquanto esteve no cargo, liderou estudos t\u00e9cnicos que resultaram na primeira licita\u00e7\u00e3o do pr\u00e9-sal.<\/p>\n<\/div>\n<\/div>\n<div data-track-category=\"multicontent\" data-track-action=\"ultimo chunk conteudo\" data-track-noninteraction=\"false\" data-track-scroll=\"view\">\n<div id=\"chunk-fpne0\">\n<div class=\"mc-column content-text active-extra-styles \" data-block-type=\"unstyled\" data-block-weight=\"25\" data-block-id=\"23\">\n<p class=\" content-text__container \" data-track-category=\"Link no Texto\" data-track-links=\"\" data-mrf-recirculation=\"Article links\">Desde 2021, a engenheira atua na Assessoria Fiscal Assembleia Legislativa do Rio de Janeiro (Alerj). Ela tamb\u00e9m \u00e9 s\u00f3cia da empresa Chambriard Engenharia e Energia.<\/p>\n<p data-track-category=\"Link no Texto\" data-track-links=\"\" data-mrf-recirculation=\"Article links\">Fonte: G1<\/p>\n<\/div>\n<\/div>\n<\/div>\n<\/div>\n<\/div>\n<\/div>\n<\/div>\n<\/div>\n<\/div>\n<\/div>\n<\/div>\n<\/section>\n<\/article>\n<\/div>\n<\/div>\n<\/div>\n<\/div>\n<\/div>\n<\/div>\n<\/div>\n<\/div>\n<\/div>\n","protected":false},"excerpt":{"rendered":"<p>O Comit\u00ea de Pessoas do Conselho de Administra\u00e7\u00e3o da\u00a0Petrobras\u00a0aprovou nesta quarta-feira (22) a indica\u00e7\u00e3o da engenheira Magda Chambriard como nova presidente da estatal. Magda foi&#8230;<\/p>\n","protected":false},"author":1527,"featured_media":51328,"comment_status":"closed","ping_status":"closed","sticky":false,"template":"","format":"standard","meta":{"footnotes":""},"categories":[6],"tags":[],"class_list":["post-51469","post","type-post","status-publish","format-standard","has-post-thumbnail","hentry","category-noticias"],"_links":{"self":[{"href":"https:\/\/www.sincomam.org.br\/index.php\/wp-json\/wp\/v2\/posts\/51469","targetHints":{"allow":["GET"]}}],"collection":[{"href":"https:\/\/www.sincomam.org.br\/index.php\/wp-json\/wp\/v2\/posts"}],"about":[{"href":"https:\/\/www.sincomam.org.br\/index.php\/wp-json\/wp\/v2\/types\/post"}],"author":[{"embeddable":true,"href":"https:\/\/www.sincomam.org.br\/index.php\/wp-json\/wp\/v2\/users\/1527"}],"replies":[{"embeddable":true,"href":"https:\/\/www.sincomam.org.br\/index.php\/wp-json\/wp\/v2\/comments?post=51469"}],"version-history":[{"count":1,"href":"https:\/\/www.sincomam.org.br\/index.php\/wp-json\/wp\/v2\/posts\/51469\/revisions"}],"predecessor-version":[{"id":51470,"href":"https:\/\/www.sincomam.org.br\/index.php\/wp-json\/wp\/v2\/posts\/51469\/revisions\/51470"}],"wp:featuredmedia":[{"embeddable":true,"href":"https:\/\/www.sincomam.org.br\/index.php\/wp-json\/wp\/v2\/media\/51328"}],"wp:attachment":[{"href":"https:\/\/www.sincomam.org.br\/index.php\/wp-json\/wp\/v2\/media?parent=51469"}],"wp:term":[{"taxonomy":"category","embeddable":true,"href":"https:\/\/www.sincomam.org.br\/index.php\/wp-json\/wp\/v2\/categories?post=51469"},{"taxonomy":"post_tag","embeddable":true,"href":"https:\/\/www.sincomam.org.br\/index.php\/wp-json\/wp\/v2\/tags?post=51469"}],"curies":[{"name":"wp","href":"https:\/\/api.w.org\/{rel}","templated":true}]}}