{"id":51466,"date":"2024-05-23T09:13:58","date_gmt":"2024-05-23T12:13:58","guid":{"rendered":"http:\/\/www.sincomam.org.br\/?p=51466"},"modified":"2024-05-23T09:13:58","modified_gmt":"2024-05-23T12:13:58","slug":"apos-chuva-no-rs-pais-se-prepara-para-seca-na-amazonia","status":"publish","type":"post","link":"https:\/\/www.sincomam.org.br\/index.php\/apos-chuva-no-rs-pais-se-prepara-para-seca-na-amazonia\/","title":{"rendered":"Ap\u00f3s chuva no RS, pa\u00eds se prepara para seca na Amaz\u00f4nia"},"content":{"rendered":"<p>Mesmo com os trabalhos de resposta \u00e0s enchentes no Rio Grande do Sul ainda em andamento, o governo brasileiro j\u00e1 se preocupa com a ocorr\u00eancia de novo evento clim\u00e1tico extremo no pa\u00eds. Segundo a secret\u00e1ria nacional de Mudan\u00e7a do Clima, Ana Toni, uma seca \u201cmuito terr\u00edvel\u201d est\u00e1 prevista para ocorrer em breve na Amaz\u00f4nia.<\/p>\n<p>\u201cO governo j\u00e1 est\u00e1 tentando se adiantar, entendendo que munic\u00edpios provavelmente v\u00e3o ser atingidos, que tipo de preven\u00e7\u00e3o [ser\u00e1 necess\u00e1ria]. Isso est\u00e1 sendo liderado pelo Minist\u00e9rio da Integra\u00e7\u00e3o Regional, onde est\u00e1 a Secretaria [Nacional] de Defesa Civil, j\u00e1 pensando em a\u00e7\u00f5es de preven\u00e7\u00e3o\u201d, afirmou Ana, em semin\u00e1rio do Centro Brasileiro de Rela\u00e7\u00f5es Internacionais (Cebri) sobre descarboniza\u00e7\u00e3o da economia, no Rio de Janeiro.<\/p>\n<div class=\"dnd-widget-wrapper context-medio_4colunas type-image atom-align-left\">\n<div class=\"dnd-atom-rendered\">\n<div class=\"shadow overflow-hidden rounded-lg d-block w-100\"><img decoding=\"async\" class=\"flex-fill img-cover\" title=\"Tomaz Silva\/Ag\u00eancia Brasil\" src=\"https:\/\/imagens.ebc.com.br\/J3BTXVxjKkk8GDKCQWmIsCl_nzY=\/365x0\/smart\/https:\/\/agenciabrasil.ebc.com.br\/sites\/default\/files\/thumbnails\/image\/2024\/05\/22\/_dsc0197.jpg?itok=AJwvJEWn\" alt=\"Rio de Janeiro (RJ), 22\/05\/2024 \u2013 A conselheira do Centro Brasileiro de Rela\u00e7\u00f5es Internacionais (CEBRI) e secret\u00e1ria nacional de mudan\u00e7a do clima do Minist\u00e9rio do Meio Ambiente e Mudan\u00e7a do Clima, Ana Toni durante o semin\u00e1rio \u201cBrasil 2050: Rotas de Descarboniza\u00e7\u00e3o da Economia\u201d, no Rio de Janeiro Country Club, zona sul da capital fluminense. Foto: Tomaz Silva\/Ag\u00eancia Brasil\" \/><\/div>\n<\/div>\n<div class=\"dnd-caption-wrapper\">\n<div class=\"meta\">Conselheira do Centro Brasileiro de Rela\u00e7\u00f5es Internacionais e secret\u00e1ria nacional de mudan\u00e7a do clima do Minist\u00e9rio do Meio Ambiente, Ana Toni.<\/div>\n<\/div>\n<\/div>\n<p>Na \u00faltima semana, a Defesa Civil do Amazonas divulgou alerta de que a estiagem este ano no estado deve ser t\u00e3o ou\u00a0mais severa\u00a0que a registrada em 2023. A orienta\u00e7\u00e3o \u00e9 para que pessoas estoquem \u00e1gua, alimentos e medicamentos a fim de que possam enfrentar o per\u00edodo mais cr\u00edtico da seca.<\/p>\n<p>A estiagem na Amaz\u00f4nia ocorre no segundo semestre, com o pico da vazante dos principais rios da regi\u00e3o se concentrando entre os meses de outubro e novembro. Em 2023, a Amaz\u00f4nia j\u00e1 havia enfrentado uma das piores secas de sua hist\u00f3ria, com grande redu\u00e7\u00e3o do n\u00edvel dos rios, o que prejudicou o transporte para comunidades ribeirinhas e, consequentemente, seu acesso a \u00e1gua, comida e rem\u00e9dios.<\/p>\n<p>Estudos indicaram\u00a0que a principal causa para o fen\u00f4meno foi a\u00a0mudan\u00e7a do clima, decorrente de a\u00e7\u00e3o humana. De acordo com a secret\u00e1ria, os eventos extremos provocados por essas mudan\u00e7as clim\u00e1ticas mostram que n\u00e3o basta apenas mitiga\u00e7\u00e3o e adapta\u00e7\u00e3o, mas \u00e9 necess\u00e1rio tamb\u00e9m ter recursos para reconstru\u00e7\u00f5es.<\/p>\n<div class=\"dnd-widget-wrapper context-medio_4colunas type-image atom-align-right\">\n<div class=\"dnd-atom-rendered\">\n<div class=\"shadow overflow-hidden rounded-lg d-block w-100\"><img decoding=\"async\" class=\"flex-fill img-cover\" title=\"Tomaz Silva\/Ag\u00eancia Brasil\" src=\"https:\/\/imagens.ebc.com.br\/Czd9m22a3pzo0AzVnqtZzWw6hho=\/365x0\/smart\/https:\/\/agenciabrasil.ebc.com.br\/sites\/default\/files\/thumbnails\/image\/2024\/05\/22\/_dsc0048.jpg?itok=aBIjTrD-\" alt=\"Rio de Janeiro (RJ), 22\/05\/2024 \u2013 O presidente do Banco Nacional de Desenvolvimento Econ\u00f4mico e Social (BNDES), Alo\u00edzio Mercadante durante o semin\u00e1rio \u201cBrasil 2050: Rotas de Descarboniza\u00e7\u00e3o da Economia\u201d, no Rio de Janeiro Country Club, zona sul da capital fluminense. Foto: Tomaz Silva\/Ag\u00eancia Brasil\" \/><\/div>\n<\/div>\n<div class=\"dnd-caption-wrapper\">\n<div class=\"meta\">Presidente do Banco Nacional de Desenvolvimento Econ\u00f4mico e Social (BNDES), Alo\u00edzio Mercadante.<\/div>\n<\/div>\n<\/div>\n<p>\u201cTem o custo da mitiga\u00e7\u00e3o. Tem o custo da adapta\u00e7\u00e3o das cidades brasileiras, da infraestrutura, da energia, da agricultura. Mas a gente j\u00e1 est\u00e1 vivendo o custo das perdas e danos\u201d, destacou Ana Toni. \u201cNesse desastre, que est\u00e1 acontecendo agora\u00a0no Rio Grande do Sul, provavelmente vai precisar de algo entre R$ 50 bilh\u00f5es e R$ 100 bilh\u00f5es [para reconstru\u00e7\u00e3o do estado]\u201d.<\/p>\n<p>A necessidade financiamento para reconstru\u00e7\u00e3o \u00e9 uma preocupa\u00e7\u00e3o tamb\u00e9m do Banco Nacional de Desenvolvimento Econ\u00f4mico e Social (BNDES). \u201cA gente precisa criar [com bancos multilaterais] uma solidariedade e fundos para reconstru\u00e7\u00e3o. Imagina se esse dil\u00favio [do RS] tivesse ca\u00eddo no Uruguai? Como eles sairiam dessa sozinhos?\u201d, afirmou o presidente do banco, Aloizio Mercadante.<\/p>\n<p>Ele lembrou que os bancos p\u00fablicos precisar\u00e3o de recursos para financiar a reconstru\u00e7\u00e3o de locais atingidos por eventos extremos e disse\u00a0que o banco deve realizar uma s\u00e9rie de semin\u00e1rios para discutir experi\u00eancias internacionais nessa \u00e1rea.<\/p>\n<p>&#8220;Estaremos, segunda-feira, operando uma linha de R$ 5 bilh\u00f5es no Rio Grande do Sul, com todos os bancos parceiros. Entramos com o fundo garantidor de R$ 500 milh\u00f5es, mas precisamos de taxas de juros menores\u00a0para a reconstru\u00e7\u00e3o do Rio Grande do Sul&#8221;, disse Mercadante.<\/p>\n<p>&nbsp;<\/p>\n<p>Fonte: Ag\u00eancia Brasil<\/p>\n","protected":false},"excerpt":{"rendered":"<p>Mesmo com os trabalhos de resposta \u00e0s enchentes no Rio Grande do Sul ainda em andamento, o governo brasileiro j\u00e1 se preocupa com a ocorr\u00eancia&#8230;<\/p>\n","protected":false},"author":1527,"featured_media":51467,"comment_status":"closed","ping_status":"closed","sticky":false,"template":"","format":"standard","meta":{"footnotes":""},"categories":[6],"tags":[],"class_list":["post-51466","post","type-post","status-publish","format-standard","has-post-thumbnail","hentry","category-noticias"],"_links":{"self":[{"href":"https:\/\/www.sincomam.org.br\/index.php\/wp-json\/wp\/v2\/posts\/51466","targetHints":{"allow":["GET"]}}],"collection":[{"href":"https:\/\/www.sincomam.org.br\/index.php\/wp-json\/wp\/v2\/posts"}],"about":[{"href":"https:\/\/www.sincomam.org.br\/index.php\/wp-json\/wp\/v2\/types\/post"}],"author":[{"embeddable":true,"href":"https:\/\/www.sincomam.org.br\/index.php\/wp-json\/wp\/v2\/users\/1527"}],"replies":[{"embeddable":true,"href":"https:\/\/www.sincomam.org.br\/index.php\/wp-json\/wp\/v2\/comments?post=51466"}],"version-history":[{"count":1,"href":"https:\/\/www.sincomam.org.br\/index.php\/wp-json\/wp\/v2\/posts\/51466\/revisions"}],"predecessor-version":[{"id":51468,"href":"https:\/\/www.sincomam.org.br\/index.php\/wp-json\/wp\/v2\/posts\/51466\/revisions\/51468"}],"wp:featuredmedia":[{"embeddable":true,"href":"https:\/\/www.sincomam.org.br\/index.php\/wp-json\/wp\/v2\/media\/51467"}],"wp:attachment":[{"href":"https:\/\/www.sincomam.org.br\/index.php\/wp-json\/wp\/v2\/media?parent=51466"}],"wp:term":[{"taxonomy":"category","embeddable":true,"href":"https:\/\/www.sincomam.org.br\/index.php\/wp-json\/wp\/v2\/categories?post=51466"},{"taxonomy":"post_tag","embeddable":true,"href":"https:\/\/www.sincomam.org.br\/index.php\/wp-json\/wp\/v2\/tags?post=51466"}],"curies":[{"name":"wp","href":"https:\/\/api.w.org\/{rel}","templated":true}]}}