{"id":51453,"date":"2024-05-23T08:46:13","date_gmt":"2024-05-23T11:46:13","guid":{"rendered":"http:\/\/www.sincomam.org.br\/?p=51453"},"modified":"2024-05-23T08:46:13","modified_gmt":"2024-05-23T11:46:13","slug":"projeto-proibe-empresas-de-conceder-ferias-a-trabalhador-maritimo-durante-periodo-de-folga","status":"publish","type":"post","link":"https:\/\/www.sincomam.org.br\/index.php\/projeto-proibe-empresas-de-conceder-ferias-a-trabalhador-maritimo-durante-periodo-de-folga\/","title":{"rendered":"Projeto pro\u00edbe empresas de conceder f\u00e9rias a trabalhador mar\u00edtimo durante per\u00edodo de folga"},"content":{"rendered":"<p>O Projeto de Lei 1392\/24 altera a Consolida\u00e7\u00e3o das Leis do Trabalho (CLT) para proibir empresas de concederem f\u00e9rias ao trabalhador mar\u00edtimo em per\u00edodo coincidente, total ou parcialmente, com as folgas. A C\u00e2mara dos Deputados analisa a proposta.<\/p>\n<p>Segundo o texto, o gozo de folga em per\u00edodo que coincide com f\u00e9rias do trabalhador mar\u00edtimo configura il\u00edcito \u00e0 conven\u00e7\u00e3o ou acordo coletivo de trabalho.<\/p>\n<p>Autor do projeto, o deputado Jonas Donizette (PSB-SP) lembra que, normalmente, a jornada dos trabalhadores mar\u00edtimos \u00e9 intensa. \u201cOs mar\u00edtimos t\u00eam a cada jornada de trabalho um per\u00edodo igual de folgas, por exemplo, os que trabalham 180 dias no mar, ficam 180 dias em terra entre folgas e f\u00e9rias\u201d, explica o autor.<\/p>\n<p>\u201cOcorre que muitas empresas concedem f\u00e9rias aos mar\u00edtimos dentro dos per\u00edodos de folgas inerentes \u00e0 escala de servi\u00e7os. Desse modo, na pr\u00e1tica os tripulantes nunca gozam das f\u00e9rias devidas em rela\u00e7\u00e3o ao per\u00edodo aquisitivo\u201d, acrescenta.<\/p>\n<p>Pr\u00f3ximos passos<\/p>\n<p>A proposta ser\u00e1 ainda analisada, em car\u00e1ter conclusivo, pelas comiss\u00f5es de Trabalho; e de Constitui\u00e7\u00e3o e Justi\u00e7a e de Cidadania.<\/p>\n<p>Fonte: Ag\u00eancia C\u00e2mara de Not\u00edcias<\/p>\n","protected":false},"excerpt":{"rendered":"<p>O Projeto de Lei 1392\/24 altera a Consolida\u00e7\u00e3o das Leis do Trabalho (CLT) para proibir empresas de concederem f\u00e9rias ao trabalhador mar\u00edtimo em per\u00edodo coincidente,&#8230;<\/p>\n","protected":false},"author":1527,"featured_media":51454,"comment_status":"closed","ping_status":"closed","sticky":false,"template":"","format":"standard","meta":{"footnotes":""},"categories":[6],"tags":[],"class_list":["post-51453","post","type-post","status-publish","format-standard","has-post-thumbnail","hentry","category-noticias"],"_links":{"self":[{"href":"https:\/\/www.sincomam.org.br\/index.php\/wp-json\/wp\/v2\/posts\/51453","targetHints":{"allow":["GET"]}}],"collection":[{"href":"https:\/\/www.sincomam.org.br\/index.php\/wp-json\/wp\/v2\/posts"}],"about":[{"href":"https:\/\/www.sincomam.org.br\/index.php\/wp-json\/wp\/v2\/types\/post"}],"author":[{"embeddable":true,"href":"https:\/\/www.sincomam.org.br\/index.php\/wp-json\/wp\/v2\/users\/1527"}],"replies":[{"embeddable":true,"href":"https:\/\/www.sincomam.org.br\/index.php\/wp-json\/wp\/v2\/comments?post=51453"}],"version-history":[{"count":1,"href":"https:\/\/www.sincomam.org.br\/index.php\/wp-json\/wp\/v2\/posts\/51453\/revisions"}],"predecessor-version":[{"id":51455,"href":"https:\/\/www.sincomam.org.br\/index.php\/wp-json\/wp\/v2\/posts\/51453\/revisions\/51455"}],"wp:featuredmedia":[{"embeddable":true,"href":"https:\/\/www.sincomam.org.br\/index.php\/wp-json\/wp\/v2\/media\/51454"}],"wp:attachment":[{"href":"https:\/\/www.sincomam.org.br\/index.php\/wp-json\/wp\/v2\/media?parent=51453"}],"wp:term":[{"taxonomy":"category","embeddable":true,"href":"https:\/\/www.sincomam.org.br\/index.php\/wp-json\/wp\/v2\/categories?post=51453"},{"taxonomy":"post_tag","embeddable":true,"href":"https:\/\/www.sincomam.org.br\/index.php\/wp-json\/wp\/v2\/tags?post=51453"}],"curies":[{"name":"wp","href":"https:\/\/api.w.org\/{rel}","templated":true}]}}