{"id":51442,"date":"2024-05-22T11:05:06","date_gmt":"2024-05-22T14:05:06","guid":{"rendered":"http:\/\/www.sincomam.org.br\/?p=51442"},"modified":"2024-05-22T11:05:06","modified_gmt":"2024-05-22T14:05:06","slug":"nivel-do-guaiba-cai-abaixo-de-4-metros-pela-1a-vez-em-19-dias","status":"publish","type":"post","link":"https:\/\/www.sincomam.org.br\/index.php\/nivel-do-guaiba-cai-abaixo-de-4-metros-pela-1a-vez-em-19-dias\/","title":{"rendered":"N\u00edvel do Gua\u00edba cai abaixo de 4 metros pela 1\u00aa vez em 19 dias"},"content":{"rendered":"<p>O n\u00edvel do Gua\u00edba, em\u00a0Porto Alegre, caiu para\u00a03,99 metros\u00a0\u00e0s 23h30 de ter\u00e7a-feira (21), conforme medi\u00e7\u00e3o feita pela Ag\u00eancia Nacional de \u00c1guas e Saneamento (ANA) no cais Mau\u00e1 \u2013 foi a primeira vez desde 3 de maio, h\u00e1 19 dias, que o n\u00edvel ficou abaixo de 4 metros.\u00a0<span class=\"highlight highlighted\">Na manh\u00e3 desta quarta (22), a r\u00e9gua registrava 3,92 metros<\/span>.<\/p>\n<div id=\"chunk-1sorn\">\n<div class=\"mc-column content-text active-extra-styles \" data-block-type=\"unstyled\" data-block-weight=\"25\" data-block-id=\"5\">\n<p class=\" content-text__container \" data-track-category=\"Link no Texto\" data-track-links=\"\" data-mrf-recirculation=\"Article links\">O lago atingiu n\u00edvel m\u00e1ximo de 5,35 metros no come\u00e7o de maio, superando a cheia hist\u00f3rica de 1941, quando o Gua\u00edba chegou a 4,76 metros.<\/p>\n<\/div>\n<\/div>\n<div id=\"chunk-64fvk\">\n<div class=\"mc-column content-text active-extra-styles \" data-block-type=\"unstyled\" data-block-weight=\"56\" data-block-id=\"6\">\n<p class=\" content-text__container \" data-track-category=\"Link no Texto\" data-track-links=\"\" data-mrf-recirculation=\"Article links\">Com isso,\u00a0ele transbordou e invadiu bairros da cidade, expulsando pessoas de casa, ap\u00f3s os temporais que assolaram o estado a partir do fim de abril. Em todo o RS,\u00a0<span class=\"highlight highlighted\">161 pessoas morreram, 806 ficaram feridas, 82 est\u00e3o desaparecidas e h\u00e1 mais de 653,1 mil fora de casa<\/span>, conforme levantamento mais recente da Defesa Civil estadual.<\/p>\n<div id=\"chunk-8qakq\">\n<div class=\"mc-column content-text active-extra-styles \" data-block-type=\"unstyled\" data-block-weight=\"54\" data-block-id=\"9\">\n<p class=\" content-text__container \" data-track-category=\"Link no Texto\" data-track-links=\"\" data-mrf-recirculation=\"Article links\">As regi\u00f5es Norte, Central e Sul da Capital alagaram.\u00a0As \u00e1reas mais pobres foram as mais atingidas na cidade, conforme estudo do Estudo do Observat\u00f3rio das Metr\u00f3poles. Parte da popula\u00e7\u00e3o que residia na Regi\u00e3o das Ilhas, por exemplo,\u00a0buscou abrigo em barracas e carros ao longo da parte debaixo da nova ponte do Gua\u00edba.<\/p>\n<\/div>\n<\/div>\n<div id=\"chunk-7tsrs\">\n<div class=\"mc-column content-text active-extra-styles \" data-block-type=\"unstyled\" data-block-weight=\"21\" data-block-id=\"10\">\n<p class=\" content-text__container \" data-track-category=\"Link no Texto\" data-track-links=\"\" data-mrf-recirculation=\"Article links\">Regi\u00f5es em que os alagamentos n\u00e3o chegavam tamb\u00e9m inundaram. Foi o caso dos bairros Centro Hist\u00f3rico, Cidade Baixa e Menino Deus.<\/p>\n<\/div>\n<\/div>\n<div id=\"chunk-d60p5\">\n<div class=\"mc-column content-text active-extra-styles \" data-block-type=\"unstyled\" data-block-weight=\"29\" data-block-id=\"11\">\n<p class=\" content-text__container \" data-track-category=\"Link no Texto\" data-track-links=\"\" data-mrf-recirculation=\"Article links\">Diversos pontos tur\u00edsticos da Capital ficaram alagados, como est\u00e1dios de futebol e o Mercado P\u00fablico, al\u00e9m de \u00e1reas importantes para a mobilidade, como a\u00a0esta\u00e7\u00e3o rodovi\u00e1ria\u00a0e o\u00a0aeroporto.<\/p>\n<div id=\"chunk-d3m7t\">\n<div class=\"mc-column content-text active-extra-styles \" data-block-type=\"unstyled\" data-block-weight=\"50\" data-block-id=\"14\">\n<p class=\" content-text__container \" data-track-category=\"Link no Texto\" data-track-links=\"\" data-mrf-recirculation=\"Article links\">De acordo com o Instituto de Pesquisas Hidr\u00e1ulicas (IPH) da Universidade Federal do Rio Grande do Sul (UFRGS), a tend\u00eancia \u00e9 que o n\u00edvel do Gua\u00edba v\u00e1 baixando de forma lenta e gradual, ficando acima dos 3 metros, que \u00e9 a cota de inunda\u00e7\u00e3o, pelo menos at\u00e9 meados de junho.<\/p>\n<\/div>\n<\/div>\n<div id=\"chunk-edck2\">\n<div class=\"mc-column content-text active-extra-styles \" data-block-type=\"unstyled\" data-block-weight=\"40\" data-block-id=\"15\">\n<p class=\" content-text__container \" data-track-category=\"Link no Texto\" data-track-links=\"\" data-mrf-recirculation=\"Article links\">O recuo da \u00e1gua tem permitido \u00e0 popula\u00e7\u00e3o voltar \u00e0s suas casas em algumas regi\u00f5es. Al\u00e9m dos preju\u00edzos que sofreram,\u00a0precisam lidar com a polui\u00e7\u00e3o que a enchente deixou para tr\u00e1s, o que implica em riscos para a sa\u00fade p\u00fablica.<\/p>\n<p data-track-category=\"Link no Texto\" data-track-links=\"\" data-mrf-recirculation=\"Article links\">Fonte: G1<\/p>\n<\/div>\n<\/div>\n<\/div>\n<\/div>\n<\/div>\n<\/div>\n","protected":false},"excerpt":{"rendered":"<p>O n\u00edvel do Gua\u00edba, em\u00a0Porto Alegre, caiu para\u00a03,99 metros\u00a0\u00e0s 23h30 de ter\u00e7a-feira (21), conforme medi\u00e7\u00e3o feita pela Ag\u00eancia Nacional de \u00c1guas e Saneamento (ANA) no&#8230;<\/p>\n","protected":false},"author":1527,"featured_media":51443,"comment_status":"closed","ping_status":"closed","sticky":false,"template":"","format":"standard","meta":{"footnotes":""},"categories":[6],"tags":[],"class_list":["post-51442","post","type-post","status-publish","format-standard","has-post-thumbnail","hentry","category-noticias"],"_links":{"self":[{"href":"https:\/\/www.sincomam.org.br\/index.php\/wp-json\/wp\/v2\/posts\/51442","targetHints":{"allow":["GET"]}}],"collection":[{"href":"https:\/\/www.sincomam.org.br\/index.php\/wp-json\/wp\/v2\/posts"}],"about":[{"href":"https:\/\/www.sincomam.org.br\/index.php\/wp-json\/wp\/v2\/types\/post"}],"author":[{"embeddable":true,"href":"https:\/\/www.sincomam.org.br\/index.php\/wp-json\/wp\/v2\/users\/1527"}],"replies":[{"embeddable":true,"href":"https:\/\/www.sincomam.org.br\/index.php\/wp-json\/wp\/v2\/comments?post=51442"}],"version-history":[{"count":1,"href":"https:\/\/www.sincomam.org.br\/index.php\/wp-json\/wp\/v2\/posts\/51442\/revisions"}],"predecessor-version":[{"id":51444,"href":"https:\/\/www.sincomam.org.br\/index.php\/wp-json\/wp\/v2\/posts\/51442\/revisions\/51444"}],"wp:featuredmedia":[{"embeddable":true,"href":"https:\/\/www.sincomam.org.br\/index.php\/wp-json\/wp\/v2\/media\/51443"}],"wp:attachment":[{"href":"https:\/\/www.sincomam.org.br\/index.php\/wp-json\/wp\/v2\/media?parent=51442"}],"wp:term":[{"taxonomy":"category","embeddable":true,"href":"https:\/\/www.sincomam.org.br\/index.php\/wp-json\/wp\/v2\/categories?post=51442"},{"taxonomy":"post_tag","embeddable":true,"href":"https:\/\/www.sincomam.org.br\/index.php\/wp-json\/wp\/v2\/tags?post=51442"}],"curies":[{"name":"wp","href":"https:\/\/api.w.org\/{rel}","templated":true}]}}