{"id":5143,"date":"2014-04-28T08:00:46","date_gmt":"2014-04-28T11:00:46","guid":{"rendered":"http:\/\/www.sincomam.org.br\/?p=5143"},"modified":"2014-04-25T19:02:44","modified_gmt":"2014-04-25T22:02:44","slug":"navios-de-cruzeiro-comecam-a-chegar-para-a-copa-em-7-de-junho","status":"publish","type":"post","link":"https:\/\/www.sincomam.org.br\/index.php\/navios-de-cruzeiro-comecam-a-chegar-para-a-copa-em-7-de-junho\/","title":{"rendered":"Navios de cruzeiro come\u00e7am a chegar para a Copa em 7 de junho"},"content":{"rendered":"<p>Esse ano, a chance dos mun\u00edcipes e turistas apreciarem a chegada dos navios de cruzeiros n\u00e3o termina hoje com o fim da temporada. Pela primeira vez, ser\u00e1 poss\u00edvel acompanhar a passagem das embarca\u00e7\u00f5es em um per\u00edodo considerado &#8220;fora de \u00e9poca&#8221;. Isso porque, a Copa do Mundo no Brasil vai trazer dois navios ao Porto de Santos em junho e julho.<\/p>\n<p>Para aqueles que sonham com uma esta\u00e7\u00e3o permanente, com os gigantes entrando e saindo do complexo santista o ano inteiro, ser\u00e1 um momento de realiza\u00e7\u00e3o. O primeiro a parar na regi\u00e3o com h\u00f3spedes mexicanos ser\u00e1 o MSC Divina, em 7 de junho, quatro dias antes do in\u00edcio do evento esportivo.<\/p>\n<p>No entanto, ele n\u00e3o ficar\u00e1 parado no terminal. Segundo o diretor do Concais, empresa que administra o Terminal de Passageiros Giusfredo Santini, Flavio Brancato, o navio far\u00e1 viagens pela costa brasileira, retornando a Santos apenas em 7 de julho, quando ent\u00e3o ficar\u00e1 quatro dias atracado no Porto.<\/p>\n<p>De grande porte, a embarca\u00e7\u00e3o da MSC tem capacidade para mais de quatro mil pessoas. A vinda do Divina foi organizada pela ag\u00eancia Mundomex, que estima a hospedagem de 12 mil a 15 mil mexicanos, em per\u00edodos distintos. Rio de Janeiro ser\u00e1 um dos pontos de escala do navio.<\/p>\n<p>Al\u00e9m do Divina, a Pullmantur vai trazer o Monarch, que ser\u00e1 respons\u00e1vel por abrigar os torcedores da Costa Rica, j\u00e1 que Santos vai receber a delega\u00e7\u00e3o do Pa\u00eds. A embarca\u00e7\u00e3o foi fretada por uma empresa chilena. Ele ficar\u00e1 parado no Porto de Santos entre os dias 22 e 25 de junho.<\/p>\n<p>Para o Governo Federal, a vinda dos navios \u00e9 uma forma de suprir a falta de leitos hoteleiros na maioria das cidades sede do evento. J\u00e1 para Brancato, a experi\u00eancia poder\u00e1 servir de teste para que os navios venham a Santos durante o ano todo futuramente.<\/p>\n<p>Fonte: A Tribuna<\/p>\n","protected":false},"excerpt":{"rendered":"<p>Esse ano, a chance dos mun\u00edcipes e turistas apreciarem a chegada dos navios de cruzeiros n\u00e3o termina hoje com o fim da temporada. Pela primeira&#8230;<\/p>\n","protected":false},"author":1182,"featured_media":5144,"comment_status":"closed","ping_status":"closed","sticky":false,"template":"","format":"standard","meta":{"footnotes":""},"categories":[6],"tags":[61,137,227,604,117],"class_list":["post-5143","post","type-post","status-publish","format-standard","has-post-thumbnail","hentry","category-noticias","tag-brasil","tag-copa","tag-cruzeiro","tag-estrangeiros","tag-navios"],"_links":{"self":[{"href":"https:\/\/www.sincomam.org.br\/index.php\/wp-json\/wp\/v2\/posts\/5143","targetHints":{"allow":["GET"]}}],"collection":[{"href":"https:\/\/www.sincomam.org.br\/index.php\/wp-json\/wp\/v2\/posts"}],"about":[{"href":"https:\/\/www.sincomam.org.br\/index.php\/wp-json\/wp\/v2\/types\/post"}],"author":[{"embeddable":true,"href":"https:\/\/www.sincomam.org.br\/index.php\/wp-json\/wp\/v2\/users\/1182"}],"replies":[{"embeddable":true,"href":"https:\/\/www.sincomam.org.br\/index.php\/wp-json\/wp\/v2\/comments?post=5143"}],"version-history":[{"count":1,"href":"https:\/\/www.sincomam.org.br\/index.php\/wp-json\/wp\/v2\/posts\/5143\/revisions"}],"predecessor-version":[{"id":5145,"href":"https:\/\/www.sincomam.org.br\/index.php\/wp-json\/wp\/v2\/posts\/5143\/revisions\/5145"}],"wp:featuredmedia":[{"embeddable":true,"href":"https:\/\/www.sincomam.org.br\/index.php\/wp-json\/wp\/v2\/media\/5144"}],"wp:attachment":[{"href":"https:\/\/www.sincomam.org.br\/index.php\/wp-json\/wp\/v2\/media?parent=5143"}],"wp:term":[{"taxonomy":"category","embeddable":true,"href":"https:\/\/www.sincomam.org.br\/index.php\/wp-json\/wp\/v2\/categories?post=5143"},{"taxonomy":"post_tag","embeddable":true,"href":"https:\/\/www.sincomam.org.br\/index.php\/wp-json\/wp\/v2\/tags?post=5143"}],"curies":[{"name":"wp","href":"https:\/\/api.w.org\/{rel}","templated":true}]}}