{"id":51422,"date":"2024-05-21T09:15:27","date_gmt":"2024-05-21T12:15:27","guid":{"rendered":"http:\/\/www.sincomam.org.br\/?p=51422"},"modified":"2024-05-21T09:15:27","modified_gmt":"2024-05-21T12:15:27","slug":"conselho-da-petrobras-vai-analisar-nome-de-magda-chambriard-na-proxima-sexta-feira","status":"publish","type":"post","link":"https:\/\/www.sincomam.org.br\/index.php\/conselho-da-petrobras-vai-analisar-nome-de-magda-chambriard-na-proxima-sexta-feira\/","title":{"rendered":"Conselho da Petrobras vai analisar nome de Magda Chambriard na pr\u00f3xima sexta-feira"},"content":{"rendered":"<div id=\"chunk-32slc\">\n<div class=\"mc-column content-text active-extra-styles \" data-block-type=\"unstyled\" data-block-weight=\"37\" data-block-id=\"2\">\n<p class=\" content-text__container \" data-track-category=\"Link no Texto\" data-track-links=\"\" data-mrf-recirculation=\"Article links\">O Conselho de Administra\u00e7\u00e3o da\u00a0Petrobras\u00a0se re\u00fane na pr\u00f3xima sexta-feira (24) para analisar o nome da engenheira Magda Chambriard para a presid\u00eancia da empresa. A informa\u00e7\u00e3o foi confirmada pela presidente interina da Petrobras, Clarice Coppeti.<\/p>\n<\/div>\n<\/div>\n<div class=\"wall protected-content\">\n<div id=\"chunk-4rj5h\">\n<div class=\"mc-column content-text active-extra-styles \" data-block-type=\"unstyled\" data-block-weight=\"26\" data-block-id=\"4\">\n<p class=\" content-text__container \" data-track-category=\"Link no Texto\" data-track-links=\"\" data-mrf-recirculation=\"Article links\">Magda foi indicada pelo presidente Lula, em substitui\u00e7\u00e3o a Jean Paul Prates, e j\u00e1 passou por todos as etapas formais de aprova\u00e7\u00e3o interna da companhia.<\/p>\n<\/div>\n<\/div>\n<div id=\"chunk-b71n3\">\n<div class=\"mc-column content-text active-extra-styles \" data-block-type=\"unstyled\" data-block-weight=\"23\" data-block-id=\"5\">\n<p class=\" content-text__container \" data-track-category=\"Link no Texto\" data-track-links=\"\" data-mrf-recirculation=\"Article links\">O curr\u00edculo de Magda precisou passar pela burocracia interna da Petrobras, que analisa potenciais conflitos de interesse e preparo para o cargo.<\/p>\n<\/div>\n<\/div>\n<div id=\"chunk-c31ud\">\n<div class=\"mc-column content-text active-extra-styles \" data-block-type=\"unstyled\" data-block-weight=\"32\" data-block-id=\"6\">\n<p class=\" content-text__container \" data-track-category=\"Link no Texto\" data-track-links=\"\" data-mrf-recirculation=\"Article links\">Como as regras da Petrobras determinam que o presidente deve ser integrante do Conselho de Administra\u00e7\u00e3o da Petrobras, a indicada deve ser aprovada pelo conselho e depois pela assembleia de acionistas.<\/p>\n<\/div>\n<\/div>\n<div id=\"chunk-6po37\">\n<div class=\"mc-column content-text active-extra-styles \" data-block-type=\"unstyled\" data-block-weight=\"35\" data-block-id=\"8\">\n<p class=\" content-text__container \" data-track-category=\"Link no Texto\" data-track-links=\"\" data-mrf-recirculation=\"Article links\">Contudo, com a ren\u00fancia de Prates, o caminho \u00e9 encurtado. Nesse caso, depois de ter o curr\u00edculo avaliado, Magda precisa apenas da maioria dos votos no Conselho de Administra\u00e7\u00e3o \u2013 composto por 11 cadeiras.<\/p>\n<\/div>\n<\/div>\n<div id=\"chunk-76emf\">\n<div class=\"mc-column content-text active-extra-styles \" data-block-type=\"unstyled\" data-block-weight=\"20\" data-block-id=\"9\">\n<p class=\" content-text__container \" data-track-category=\"Link no Texto\" data-track-links=\"\" data-mrf-recirculation=\"Article links\">Com o aval, ela j\u00e1 pode assumir a presid\u00eancia e ter o seu nome referendado pela pr\u00f3xima assembleia de acionistas.<\/p>\n<\/div>\n<\/div>\n<div id=\"chunk-69d72\">\n<div class=\"mc-column content-text active-extra-styles\" data-block-type=\"raw\" data-block-weight=\"1\" data-block-id=\"10\">\n<div class=\"content-intertitle\">\n<h2>Perfil<\/h2>\n<\/div>\n<p>Formada em engenharia civil pela Universidade Federal do Rio de Janeiro (UFRJ), Magda Chambriard \u00e9 mestre em engenharia qu\u00edmica. Ela tamb\u00e9m tem especializa\u00e7\u00f5es em engenharia de reservat\u00f3rios e avalia\u00e7\u00e3o de forma\u00e7\u00f5es, al\u00e9m de produ\u00e7\u00e3o de petr\u00f3leo e g\u00e1s.<\/p>\n<\/div>\n<\/div>\n<div id=\"chunk-4em0s\">\n<div class=\"mc-column content-text active-extra-styles \" data-block-type=\"unstyled\" data-block-weight=\"36\" data-block-id=\"12\">\n<p class=\" content-text__container \" data-track-category=\"Link no Texto\" data-track-links=\"\" data-mrf-recirculation=\"Article links\">A engenheira come\u00e7ou a trabalhar na Petrobras em 1980, atuando na \u00e1rea de produ\u00e7\u00e3o por mais de 20 anos. Em 2002, assumiu a assessoria da diretoria de Explora\u00e7\u00e3o e Produ\u00e7\u00e3o da Ag\u00eancia Nacional de Petr\u00f3leo (ANP).<\/p>\n<\/div>\n<\/div>\n<div id=\"chunk-5hrd9\">\n<div class=\"mc-column content-text active-extra-styles \" data-block-type=\"unstyled\" data-block-weight=\"29\" data-block-id=\"13\">\n<p class=\" content-text__container \" data-track-category=\"Link no Texto\" data-track-links=\"\" data-mrf-recirculation=\"Article links\">Em 2008, Magda assessorou a comiss\u00e3o interministerial criada pelo presidente Lula para estudar as regras de explora\u00e7\u00e3o e produ\u00e7\u00e3o das reservas de petr\u00f3leo e g\u00e1s na \u00e1rea do pr\u00e9-sal.<\/p>\n<\/div>\n<\/div>\n<div id=\"chunk-40jq9\">\n<div class=\"mc-column content-text active-extra-styles \" data-block-type=\"unstyled\" data-block-weight=\"27\" data-block-id=\"14\">\n<p class=\" content-text__container \" data-track-category=\"Link no Texto\" data-track-links=\"\" data-mrf-recirculation=\"Article links\">J\u00e1 em 2012, ela assumiu a diretoria-geral da ANP, onde permaneceu at\u00e9 2016. Enquanto esteve no cargo, liderou estudos t\u00e9cnicos que resultaram na primeira licita\u00e7\u00e3o do pr\u00e9-sal.<\/p>\n<\/div>\n<\/div>\n<div id=\"chunk-bd3p5\">\n<div class=\"mc-column content-text active-extra-styles \" data-block-type=\"unstyled\" data-block-weight=\"25\" data-block-id=\"15\">\n<p class=\" content-text__container \" data-track-category=\"Link no Texto\" data-track-links=\"\" data-mrf-recirculation=\"Article links\">Desde 2021, a engenheira atua na Assessoria Fiscal Assembleia Legislativa do Rio de Janeiro (Alerj). Ela tamb\u00e9m \u00e9 s\u00f3cia da empresa Chambriard Engenharia e Energia.<\/p>\n<p data-track-category=\"Link no Texto\" data-track-links=\"\" data-mrf-recirculation=\"Article links\">Fonte: G1<\/p>\n<\/div>\n<\/div>\n<\/div>\n","protected":false},"excerpt":{"rendered":"<p>O Conselho de Administra\u00e7\u00e3o da\u00a0Petrobras\u00a0se re\u00fane na pr\u00f3xima sexta-feira (24) para analisar o nome da engenheira Magda Chambriard para a presid\u00eancia da empresa. A informa\u00e7\u00e3o&#8230;<\/p>\n","protected":false},"author":1527,"featured_media":51423,"comment_status":"closed","ping_status":"closed","sticky":false,"template":"","format":"standard","meta":{"footnotes":""},"categories":[6],"tags":[],"class_list":["post-51422","post","type-post","status-publish","format-standard","has-post-thumbnail","hentry","category-noticias"],"_links":{"self":[{"href":"https:\/\/www.sincomam.org.br\/index.php\/wp-json\/wp\/v2\/posts\/51422","targetHints":{"allow":["GET"]}}],"collection":[{"href":"https:\/\/www.sincomam.org.br\/index.php\/wp-json\/wp\/v2\/posts"}],"about":[{"href":"https:\/\/www.sincomam.org.br\/index.php\/wp-json\/wp\/v2\/types\/post"}],"author":[{"embeddable":true,"href":"https:\/\/www.sincomam.org.br\/index.php\/wp-json\/wp\/v2\/users\/1527"}],"replies":[{"embeddable":true,"href":"https:\/\/www.sincomam.org.br\/index.php\/wp-json\/wp\/v2\/comments?post=51422"}],"version-history":[{"count":1,"href":"https:\/\/www.sincomam.org.br\/index.php\/wp-json\/wp\/v2\/posts\/51422\/revisions"}],"predecessor-version":[{"id":51424,"href":"https:\/\/www.sincomam.org.br\/index.php\/wp-json\/wp\/v2\/posts\/51422\/revisions\/51424"}],"wp:featuredmedia":[{"embeddable":true,"href":"https:\/\/www.sincomam.org.br\/index.php\/wp-json\/wp\/v2\/media\/51423"}],"wp:attachment":[{"href":"https:\/\/www.sincomam.org.br\/index.php\/wp-json\/wp\/v2\/media?parent=51422"}],"wp:term":[{"taxonomy":"category","embeddable":true,"href":"https:\/\/www.sincomam.org.br\/index.php\/wp-json\/wp\/v2\/categories?post=51422"},{"taxonomy":"post_tag","embeddable":true,"href":"https:\/\/www.sincomam.org.br\/index.php\/wp-json\/wp\/v2\/tags?post=51422"}],"curies":[{"name":"wp","href":"https:\/\/api.w.org\/{rel}","templated":true}]}}