{"id":51382,"date":"2024-05-17T11:16:38","date_gmt":"2024-05-17T14:16:38","guid":{"rendered":"http:\/\/www.sincomam.org.br\/?p=51382"},"modified":"2024-05-17T11:16:38","modified_gmt":"2024-05-17T14:16:38","slug":"chuvas-no-rs-deixam-154-mortos-e-mais-de-618-mil-pessoas-fora-de-casa","status":"publish","type":"post","link":"https:\/\/www.sincomam.org.br\/index.php\/chuvas-no-rs-deixam-154-mortos-e-mais-de-618-mil-pessoas-fora-de-casa\/","title":{"rendered":"Chuvas no RS deixam 154 mortos e mais de 618 mil pessoas fora de casa"},"content":{"rendered":"<p>O n\u00famero de mortes confirmadas no Rio Grande do Sul subiu para 154 em consequ\u00eancia dos temporais que atingiram\u00a0o estado desde o fim de abril, conforme\u00a0<a href=\"http:\/\/%20https\/\/www.rs.gov.br\/atualizacao-dos-servicos-de-infraestrutura-do-rs-17-5-9h\" target=\"_blank\" rel=\"noopener\">boletim divulgado pela Defesa Civil<\/a> nesta\u00a0sexta-feira (17). Neste momento, 98 pessoas continuam\u00a0desaparecidas e h\u00e1 806 feridos.<\/p>\n<p>O n\u00famero de pessoas fora das pr\u00f3prias resid\u00eancias devido \u00e0s\u00a0cheias dos rios j\u00e1 ultrapassou 618,3 mil, sendo 540.192 desalojados, que s\u00e3o aqueles que tiveram de sair de seus lares e est\u00e3o acolhidos em casas de familiares, amigos ou conhecidos. O\u00a0restante, de acordo com o\u00a0<a href=\"https:\/\/app.powerbi.com\/view?r=eyJrIjoiNThhYTZmMGMtZDhkNy00OTEyLTkzNmEtYjU1NWIyMTZmNTVjIiwidCI6IjE1ZGNkOTA5LThkYzAtNDBlOS1hMWU1LWNlY2IwNTNjZGQxYSJ9\" target=\"_blank\" rel=\"noopener\">monitoramento atualizado<\/a>\u00a0diariamente pela Secretaria de Desenvolvimento Social do Rio Grande do Sul (78.165 pessoas), vive\u00a0temporariamente em um dos mais de\u00a0875 abrigos cadastrados no estado.<\/p>\n<p>O n\u00famero de atingidos tamb\u00e9m aumentou para 2.281.830 de pessoas, ou 20,95% dos 10,88 milh\u00f5es de habitantes do estado.<\/p>\n<p>At\u00e9 o momento, 82.666 pessoas foram resgatadas por helic\u00f3pteros, agentes de seguran\u00e7a e barcos oficiais ou de volunt\u00e1rios. O boletim da Defesa Civil contabiliza ainda o\u00a0resgate\u00a0de 12.108 animais silvestres e dom\u00e9sticos, que foram salvos.<\/p>\n<p>As chuvas afetaram nove\u00a0em cada dez\u00a0munic\u00edpios ga\u00fachos. De acordo com o \u00faltimo boletim, 92,75% (461) dos 497 munic\u00edpios do Rio Grande do Sul tiveram suas rotinas impactadas pelos eventos clim\u00e1ticos.<\/p>\n<p>Fonte: Ag\u00eancia Brasil<\/p>\n","protected":false},"excerpt":{"rendered":"<p>O n\u00famero de mortes confirmadas no Rio Grande do Sul subiu para 154 em consequ\u00eancia dos temporais que atingiram\u00a0o estado desde o fim de abril,&#8230;<\/p>\n","protected":false},"author":1527,"featured_media":51383,"comment_status":"closed","ping_status":"closed","sticky":false,"template":"","format":"standard","meta":{"footnotes":""},"categories":[6],"tags":[],"class_list":["post-51382","post","type-post","status-publish","format-standard","has-post-thumbnail","hentry","category-noticias"],"_links":{"self":[{"href":"https:\/\/www.sincomam.org.br\/index.php\/wp-json\/wp\/v2\/posts\/51382","targetHints":{"allow":["GET"]}}],"collection":[{"href":"https:\/\/www.sincomam.org.br\/index.php\/wp-json\/wp\/v2\/posts"}],"about":[{"href":"https:\/\/www.sincomam.org.br\/index.php\/wp-json\/wp\/v2\/types\/post"}],"author":[{"embeddable":true,"href":"https:\/\/www.sincomam.org.br\/index.php\/wp-json\/wp\/v2\/users\/1527"}],"replies":[{"embeddable":true,"href":"https:\/\/www.sincomam.org.br\/index.php\/wp-json\/wp\/v2\/comments?post=51382"}],"version-history":[{"count":1,"href":"https:\/\/www.sincomam.org.br\/index.php\/wp-json\/wp\/v2\/posts\/51382\/revisions"}],"predecessor-version":[{"id":51384,"href":"https:\/\/www.sincomam.org.br\/index.php\/wp-json\/wp\/v2\/posts\/51382\/revisions\/51384"}],"wp:featuredmedia":[{"embeddable":true,"href":"https:\/\/www.sincomam.org.br\/index.php\/wp-json\/wp\/v2\/media\/51383"}],"wp:attachment":[{"href":"https:\/\/www.sincomam.org.br\/index.php\/wp-json\/wp\/v2\/media?parent=51382"}],"wp:term":[{"taxonomy":"category","embeddable":true,"href":"https:\/\/www.sincomam.org.br\/index.php\/wp-json\/wp\/v2\/categories?post=51382"},{"taxonomy":"post_tag","embeddable":true,"href":"https:\/\/www.sincomam.org.br\/index.php\/wp-json\/wp\/v2\/tags?post=51382"}],"curies":[{"name":"wp","href":"https:\/\/api.w.org\/{rel}","templated":true}]}}