{"id":51358,"date":"2024-05-16T08:42:11","date_gmt":"2024-05-16T11:42:11","guid":{"rendered":"http:\/\/www.sincomam.org.br\/?p=51358"},"modified":"2024-05-16T08:43:24","modified_gmt":"2024-05-16T11:43:24","slug":"com-agua-baixando-moradores-de-porto-alegre-convivem-com-animais-mortos-esgoto-mau-cheiro-nas-ruas-e-ratos-em-casa","status":"publish","type":"post","link":"https:\/\/www.sincomam.org.br\/index.php\/com-agua-baixando-moradores-de-porto-alegre-convivem-com-animais-mortos-esgoto-mau-cheiro-nas-ruas-e-ratos-em-casa\/","title":{"rendered":"Com \u00e1gua baixando, moradores de Porto Alegre convivem com animais mortos, esgoto, mau cheiro nas ruas"},"content":{"rendered":"<div id=\"chunk-lohb\">\n<div class=\"mc-column content-text active-extra-styles \" data-block-type=\"unstyled\" data-block-weight=\"56\" data-block-id=\"2\">\n<p class=\" content-text__container \" data-track-category=\"Link no Texto\" data-track-links=\"\" data-mrf-recirculation=\"Article links\">Ap\u00f3s a destrui\u00e7\u00e3o de casas e com\u00e9rcios pela cheia do Gua\u00edba, moradores de\u00a0Porto Alegre\u00a0convivem com as consequ\u00eancias da \u00e1gua, que atingiu o maior n\u00edvel j\u00e1 registrado desde 1941. Agora s\u00e3o vistos animais mortos e h\u00e1 esgoto exposto. O mau cheiro est\u00e1 impregnado nas ruas dos bairros Menino Deus, Cidade Baixa e Centro Hist\u00f3rico.<\/p>\n<\/div>\n<\/div>\n<div class=\"wall protected-content\">\n<div id=\"chunk-c0j6n\">\n<div class=\"mc-column content-text active-extra-styles \" data-block-type=\"unstyled\" data-block-weight=\"51\" data-block-id=\"4\">\n<p class=\" content-text__container \" data-track-category=\"Link no Texto\" data-track-links=\"\" data-mrf-recirculation=\"Article links\">Parte das ruas est\u00e3o secas em raz\u00e3o das casas de bombas, que voltaram a operar na capital.\u00a0<span class=\"highlight highlighted\">Das 23 que comp\u00f5em o sistema anticheias, 19 precisaram ser desligadas\u00a0<\/span>devido \u00e0 enchente ou ao risco de choque el\u00e9trico. Atualmente, h\u00e1\u00a0nove em opera\u00e7\u00e3o, segundo o Departamento Municipal de \u00c1gua e Esgoto (Dmae).<\/p>\n<p data-track-category=\"Link no Texto\" data-track-links=\"\" data-mrf-recirculation=\"Article links\">A assistente de c\u00e2mbio Katia Toledo mora no bairro Menino Deus. Ela afirma ter sofrido com alagamentos no condom\u00ednio em que mora nos \u00faltimos dois anos \u2013 algo que n\u00e3o ocorria antes. Agora, ela precisa fazer a limpeza do im\u00f3vel e convive com animais mortos e a \u00e1gua do esgoto.<\/p>\n<\/div>\n<p data-track-category=\"Link no Texto\" data-track-links=\"\" data-mrf-recirculation=\"Article links\">No bairro Cidade Baixa, a \u00e1gua invadiu ruas e causou estragos em resid\u00eancias e com\u00e9rcios, em 6 de maio. O\u00a0prefeito chegou a recomendar que os moradores deixassem os im\u00f3veis, ap\u00f3s uma casa de bombas ser desligada por quest\u00f5es de seguran\u00e7a.<\/p>\n<div id=\"chunk-38ohq\">\n<div class=\"mc-column content-text active-extra-styles\" data-block-type=\"raw\" data-block-weight=\"4\" data-block-id=\"17\">\n<div class=\"content-intertitle\">\n<h2>Lixo boiando e baratas<\/h2>\n<\/div>\n<p>O assistente de leil\u00e3o imobili\u00e1rio Mateus Marchant disse que, no dia da recomenda\u00e7\u00e3o da prefeitura, precisou sair de casa \u00e0s pressas. Ao voltar, no dia seguinte, a \u00e1gua j\u00e1 chegava na altura do joelho.<\/p>\n<\/div>\n<\/div>\n<div id=\"chunk-6luk0\">\n<div class=\"mc-column content-text active-extra-styles \" data-block-type=\"unstyled\" data-block-weight=\"40\" data-block-id=\"19\">\n<p class=\" content-text__container \" data-track-category=\"Link no Texto\" data-track-links=\"\" data-mrf-recirculation=\"Article links\">Mateus n\u00e3o est\u00e1 morando no local no momento, mas faz visitas quase di\u00e1rias para pegar roupas novas e se organizar. &#8220;\u00c9 muito barro e, de vez em quando, [a gente] v\u00ea um peixinho morto jogado assim pela rua&#8221;, diz.<\/p>\n<p data-track-category=\"Link no Texto\" data-track-links=\"\" data-mrf-recirculation=\"Article links\">No Centro Hist\u00f3rico, onde a \u00e1gua atravessou o Muro da Mau\u00e1, moradores tamb\u00e9m convivem com as consequ\u00eancias da enchente. A auxiliar administrativa Nath\u00e1lia Sachett de Lima \u00e9 uma das pessoas que evitou sair de casa, por medo da contamina\u00e7\u00e3o dos filhos e do cachorro. A \u00e1gua tamb\u00e9m passou a ser um problema dentro de casa, pois ela relata que n\u00e3o est\u00e1 cristalina.<\/p>\n<div id=\"chunk-20knq\">\n<div class=\"mc-column content-text active-extra-styles\" data-block-type=\"raw\" data-block-weight=\"5\" data-block-id=\"25\">\n<div class=\"content-intertitle\">\n<h2>365 toneladas de res\u00edduos recolhidos<\/h2>\n<\/div>\n<p>Ao todo, 365 toneladas de res\u00edduos, lodo e entulho foram recolhidos at\u00e9 sexta-feira (10) pelas ruas da capital, segundo o Departamento Municipal de Limpeza Urbana (DMLU).<\/p>\n<\/div>\n<\/div>\n<div id=\"chunk-6v5m7\">\n<div class=\"mc-column content-text active-extra-styles \" data-block-type=\"unstyled\" data-block-weight=\"35\" data-block-id=\"27\">\n<p class=\" content-text__container \" data-track-category=\"Link no Texto\" data-track-links=\"\" data-mrf-recirculation=\"Article links\">O diretor-geral do \u00f3rg\u00e3o, Carlos Hundertmarker, disse que este \u00e9 &#8220;o maior desafio da hist\u00f3ria&#8221; do departamento e que que foi montado um plano de limpeza nesta semana para mapear os estragos causados pela \u00e1gua.<\/p>\n<\/div>\n<\/div>\n<div id=\"chunk-92v6g\">\n<div class=\"mc-column content-text active-extra-styles \" data-block-type=\"unstyled\" data-block-weight=\"18\" data-block-id=\"28\">\n<p class=\" content-text__container \" data-track-category=\"Link no Texto\" data-track-links=\"\" data-mrf-recirculation=\"Article links\">&#8220;\u00c9 um trabalho que n\u00e3o conseguimos ainda nem mensurar quantas mil toneladas de res\u00edduos vamos retirar&#8221;, revela.<\/p>\n<\/div>\n<\/div>\n<div id=\"chunk-cl3d9\">\n<div class=\"mc-column content-text active-extra-styles\" data-block-type=\"raw\" data-block-weight=\"5\" data-block-id=\"29\">\n<div class=\"content-intertitle\">\n<h2>N\u00fameros da trag\u00e9dia no RS<\/h2>\n<\/div>\n<p>Os temporais e as cheias que atingem o Rio Grande do Sul j\u00e1 deixaram 149 v\u00edtimas, segundo o boletim da Defesa Civil desta quarta-feira (15). Al\u00e9m disso, s\u00e3o\u00a0108 desaparecidos\u00a0e\u00a0806 feridos.<\/p>\n<div id=\"chunk-f89dt\">\n<div class=\"mc-column content-text active-extra-styles \" data-block-type=\"unstyled\" data-block-weight=\"26\" data-block-id=\"32\">\n<p class=\" content-text__container \" data-track-category=\"Link no Texto\" data-track-links=\"\" data-mrf-recirculation=\"Article links\">Segundo a Defesa Civil,\u00a0614,7 mil pessoas est\u00e3o fora de casa\u00a0\u2013 76,5 mil em abrigos e 538,1 mil desalojados (em casa de amigos e parentes).<\/p>\n<\/div>\n<\/div>\n<div id=\"chunk-13plb\">\n<div class=\"mc-column content-text active-extra-styles \" data-block-type=\"unstyled\" data-block-weight=\"18\" data-block-id=\"33\">\n<p class=\" content-text__container \" data-track-category=\"Link no Texto\" data-track-links=\"\" data-mrf-recirculation=\"Article links\">Dos 497 munic\u00edpios do estado,\u00a0452 registraram transtornos\u00a0relacionados aos temporais,\u00a0afetando mais de 2,1 milh\u00f5es de pessoas.<\/p>\n<\/div>\n<\/div>\n<div id=\"chunk-f9bm9\">\n<div class=\"block-podcast\">Fonte: G1<\/div>\n<\/div>\n<\/div>\n<\/div>\n<div id=\"chunk-516ss\">\n<div class=\"content-ads content-ads--reveal\" data-block-type=\"ads\" data-block-id=\"31\">\n<div id=\"banner_materia__81ca5898-38e6-4629-b483-dac54309b49b\" class=\"tag-manager-publicidade-container mc-has-reveal mc-has-ad-lazyload tag-manager-publicidade-banner_materia__81ca5898-38e6-4629-b483-dac54309b49b tag-manager-publicidade-container--carregado tag-manager-publicidade-container--visivel\" data-id=\"banner_materia__81ca5898-38e6-4629-b483-dac54309b49b\" data-google-query-id=\"COyHppqLkoYDFcZPuAQdt1YGeQ\"><\/div>\n<\/div>\n<\/div>\n<\/div>\n<\/div>\n<\/div>\n<\/div>\n","protected":false},"excerpt":{"rendered":"<p>Ap\u00f3s a destrui\u00e7\u00e3o de casas e com\u00e9rcios pela cheia do Gua\u00edba, moradores de\u00a0Porto Alegre\u00a0convivem com as consequ\u00eancias da \u00e1gua, que atingiu o maior n\u00edvel j\u00e1&#8230;<\/p>\n","protected":false},"author":1527,"featured_media":51359,"comment_status":"closed","ping_status":"closed","sticky":false,"template":"","format":"standard","meta":{"footnotes":""},"categories":[6],"tags":[],"class_list":["post-51358","post","type-post","status-publish","format-standard","has-post-thumbnail","hentry","category-noticias"],"_links":{"self":[{"href":"https:\/\/www.sincomam.org.br\/index.php\/wp-json\/wp\/v2\/posts\/51358","targetHints":{"allow":["GET"]}}],"collection":[{"href":"https:\/\/www.sincomam.org.br\/index.php\/wp-json\/wp\/v2\/posts"}],"about":[{"href":"https:\/\/www.sincomam.org.br\/index.php\/wp-json\/wp\/v2\/types\/post"}],"author":[{"embeddable":true,"href":"https:\/\/www.sincomam.org.br\/index.php\/wp-json\/wp\/v2\/users\/1527"}],"replies":[{"embeddable":true,"href":"https:\/\/www.sincomam.org.br\/index.php\/wp-json\/wp\/v2\/comments?post=51358"}],"version-history":[{"count":2,"href":"https:\/\/www.sincomam.org.br\/index.php\/wp-json\/wp\/v2\/posts\/51358\/revisions"}],"predecessor-version":[{"id":51361,"href":"https:\/\/www.sincomam.org.br\/index.php\/wp-json\/wp\/v2\/posts\/51358\/revisions\/51361"}],"wp:featuredmedia":[{"embeddable":true,"href":"https:\/\/www.sincomam.org.br\/index.php\/wp-json\/wp\/v2\/media\/51359"}],"wp:attachment":[{"href":"https:\/\/www.sincomam.org.br\/index.php\/wp-json\/wp\/v2\/media?parent=51358"}],"wp:term":[{"taxonomy":"category","embeddable":true,"href":"https:\/\/www.sincomam.org.br\/index.php\/wp-json\/wp\/v2\/categories?post=51358"},{"taxonomy":"post_tag","embeddable":true,"href":"https:\/\/www.sincomam.org.br\/index.php\/wp-json\/wp\/v2\/tags?post=51358"}],"curies":[{"name":"wp","href":"https:\/\/api.w.org\/{rel}","templated":true}]}}