{"id":51352,"date":"2024-05-16T08:19:56","date_gmt":"2024-05-16T11:19:56","guid":{"rendered":"http:\/\/www.sincomam.org.br\/?p=51352"},"modified":"2024-05-16T08:19:56","modified_gmt":"2024-05-16T11:19:56","slug":"seguranca-navegacao-frente-fria-gera-ventos-intensos-nas-regioes-sul-e-sudeste","status":"publish","type":"post","link":"https:\/\/www.sincomam.org.br\/index.php\/seguranca-navegacao-frente-fria-gera-ventos-intensos-nas-regioes-sul-e-sudeste\/","title":{"rendered":"SEGURAN\u00c7A NAVEGA\u00c7\u00c3O: Frente fria gera ventos intensos nas regi\u00f5es Sul e Sudeste"},"content":{"rendered":"<p class=\"text-align-justify\">A atua\u00e7\u00e3o de uma frente fria no Oceano Atl\u00e2ntico poder\u00e1 provocar ressaca na faixa litor\u00e2nea entre Mostardas (RS) e Florian\u00f3polis (SC), com ondas de dire\u00e7\u00e3o Sul e altura de at\u00e9 3 metros, entre as manh\u00e3s de quinta-feira (16) e sexta-feira (17).<\/p>\n<p class=\"text-align-justify\">J\u00e1 na regi\u00e3o Sudeste, a frente fria poder\u00e1 provocar ressaca na faixa litor\u00e2nea entre Santos (SP) e Campos dos Goytacazes (RJ), com ondas de dire\u00e7\u00e3o Sudoeste a Sul e altura de at\u00e9 3 metros, entre as manh\u00e3s de quinta-feira 16 (quinta) e s\u00e1bado (18).<\/p>\n<p class=\"text-align-justify\"><strong>Antes de navegar, atualize-se<\/strong><br \/>\nA comunidade mar\u00edtima pode se prevenir dos perigos \u00e0 navega\u00e7\u00e3o consultando as informa\u00e7\u00f5es meteorol\u00f3gicas e os avisos de mau tempo no site do Centro de Hidrografia da Marinha e na p\u00e1gina do <a href=\"https:\/\/www.facebook.com\/servicometeorologicomb\" target=\"_blank\" rel=\"noopener\">Servi\u00e7o Meteorol\u00f3gico Marinho no Facebook<\/a>. Os dados podem ser verificados, ainda, nos aplicativos para aparelhos m\u00f3veis \u201cPrevis\u00e3o Ambiental Marinha\u201d e \u201cBoletim ao Mar\u201d.<\/p>\n<p class=\"text-align-justify\">A MB tamb\u00e9m disponibiliza o aplicativo NAVSEG, no qual os condutores podem cadastrar suas embarca\u00e7\u00f5es e trajetos, que ser\u00e3o monitorados em tempo real pelas Capitanias dos Portos, Delegacias e Ag\u00eancias. O servi\u00e7o permite, assim, agilizar a localiza\u00e7\u00e3o e o envio de resgate em caso de necessidade.<\/p>\n<p>Fonte: Ag\u00eancia Marinha de Not\u00edcias<\/p>\n","protected":false},"excerpt":{"rendered":"<p>A atua\u00e7\u00e3o de uma frente fria no Oceano Atl\u00e2ntico poder\u00e1 provocar ressaca na faixa litor\u00e2nea entre Mostardas (RS) e Florian\u00f3polis (SC), com ondas de dire\u00e7\u00e3o&#8230;<\/p>\n","protected":false},"author":1527,"featured_media":51353,"comment_status":"closed","ping_status":"closed","sticky":false,"template":"","format":"standard","meta":{"footnotes":""},"categories":[6],"tags":[],"class_list":["post-51352","post","type-post","status-publish","format-standard","has-post-thumbnail","hentry","category-noticias"],"_links":{"self":[{"href":"https:\/\/www.sincomam.org.br\/index.php\/wp-json\/wp\/v2\/posts\/51352","targetHints":{"allow":["GET"]}}],"collection":[{"href":"https:\/\/www.sincomam.org.br\/index.php\/wp-json\/wp\/v2\/posts"}],"about":[{"href":"https:\/\/www.sincomam.org.br\/index.php\/wp-json\/wp\/v2\/types\/post"}],"author":[{"embeddable":true,"href":"https:\/\/www.sincomam.org.br\/index.php\/wp-json\/wp\/v2\/users\/1527"}],"replies":[{"embeddable":true,"href":"https:\/\/www.sincomam.org.br\/index.php\/wp-json\/wp\/v2\/comments?post=51352"}],"version-history":[{"count":1,"href":"https:\/\/www.sincomam.org.br\/index.php\/wp-json\/wp\/v2\/posts\/51352\/revisions"}],"predecessor-version":[{"id":51354,"href":"https:\/\/www.sincomam.org.br\/index.php\/wp-json\/wp\/v2\/posts\/51352\/revisions\/51354"}],"wp:featuredmedia":[{"embeddable":true,"href":"https:\/\/www.sincomam.org.br\/index.php\/wp-json\/wp\/v2\/media\/51353"}],"wp:attachment":[{"href":"https:\/\/www.sincomam.org.br\/index.php\/wp-json\/wp\/v2\/media?parent=51352"}],"wp:term":[{"taxonomy":"category","embeddable":true,"href":"https:\/\/www.sincomam.org.br\/index.php\/wp-json\/wp\/v2\/categories?post=51352"},{"taxonomy":"post_tag","embeddable":true,"href":"https:\/\/www.sincomam.org.br\/index.php\/wp-json\/wp\/v2\/tags?post=51352"}],"curies":[{"name":"wp","href":"https:\/\/api.w.org\/{rel}","templated":true}]}}