{"id":51321,"date":"2024-05-15T07:58:51","date_gmt":"2024-05-15T10:58:51","guid":{"rendered":"http:\/\/www.sincomam.org.br\/?p=51321"},"modified":"2024-05-15T08:05:09","modified_gmt":"2024-05-15T11:05:09","slug":"magda-chambriard-quem-e-a-engenheira-que-deve-assumir-a-presidencia-da-petrobras","status":"publish","type":"post","link":"https:\/\/www.sincomam.org.br\/index.php\/magda-chambriard-quem-e-a-engenheira-que-deve-assumir-a-presidencia-da-petrobras\/","title":{"rendered":"Magda Chambriard: quem \u00e9 a engenheira que deve assumir a presid\u00eancia da Petrobras"},"content":{"rendered":"<div id=\"chunk-ak9r9\">\n<div class=\"mc-column content-text active-extra-styles \" data-block-type=\"unstyled\" data-block-weight=\"40\" data-block-id=\"2\">\n<p class=\" content-text__container \" data-track-category=\"Link no Texto\" data-track-links=\"\" data-mrf-recirculation=\"Article links\">A engenheira e servidora de carreira\u00a0Magda Chambriard\u00a0deve ser a nova presidente da\u00a0Petrobras. A indica\u00e7\u00e3o foi oficializada nesta ter\u00e7a-feira (14), ap\u00f3s o presidente Luiz In\u00e1cio Lula da Silva (PT) resolver\u00a0demitir Jean Paul Prates\u00a0do comando da estatal.<\/p>\n<\/div>\n<\/div>\n<div class=\"wall protected-content\">\n<div id=\"chunk-d64db\">\n<div class=\"mc-column content-text active-extra-styles \" data-block-type=\"unstyled\" data-block-weight=\"26\" data-block-id=\"4\">\n<p class=\" content-text__container \" data-track-category=\"Link no Texto\" data-track-links=\"\" data-mrf-recirculation=\"Article links\">Magda tem 66 anos e foi convidada por Lula para a presid\u00eancia da estatal. Agora, a indica\u00e7\u00e3o ser\u00e1 analisada pelo Conselho de Administra\u00e7\u00e3o da Petrobras.<\/p>\n<\/div>\n<\/div>\n<div id=\"chunk-eh0jk\">\n<div class=\"mc-column content-text active-extra-styles \" data-block-type=\"unstyled\" data-block-weight=\"38\" data-block-id=\"5\">\n<p class=\" content-text__container \" data-track-category=\"Link no Texto\" data-track-links=\"\" data-mrf-recirculation=\"Article links\">Formada em engenharia civil pela Universidade Federal do Rio de Janeiro (UFRJ), Magda Chambriard \u00e9 mestre em engenharia qu\u00edmica. Ela tamb\u00e9m tem especializa\u00e7\u00f5es em engenharia de reservat\u00f3rios e avalia\u00e7\u00e3o de forma\u00e7\u00f5es, al\u00e9m de produ\u00e7\u00e3o de petr\u00f3leo e g\u00e1s.<\/p>\n<div id=\"chunk-fvojf\">\n<div class=\"mc-column content-text active-extra-styles \" data-block-type=\"unstyled\" data-block-weight=\"36\" data-block-id=\"7\">\n<p class=\" content-text__container \" data-track-category=\"Link no Texto\" data-track-links=\"\" data-mrf-recirculation=\"Article links\">A engenheira come\u00e7ou a trabalhar na Petrobras em 1980, atuando na \u00e1rea de produ\u00e7\u00e3o por mais de 20 anos. Em 2002, assumiu a assessoria da diretoria de Explora\u00e7\u00e3o e Produ\u00e7\u00e3o da Ag\u00eancia Nacional de Petr\u00f3leo (ANP).<\/p>\n<\/div>\n<\/div>\n<div id=\"chunk-efe1\">\n<div class=\"mc-column content-text active-extra-styles \" data-block-type=\"unstyled\" data-block-weight=\"29\" data-block-id=\"8\">\n<p class=\" content-text__container \" data-track-category=\"Link no Texto\" data-track-links=\"\" data-mrf-recirculation=\"Article links\">Em 2008, Magda assessorou a comiss\u00e3o interministerial criada pelo presidente Lula para estudar as regras de explora\u00e7\u00e3o e produ\u00e7\u00e3o das reservas de petr\u00f3leo e g\u00e1s na \u00e1rea do pr\u00e9-sal.<\/p>\n<\/div>\n<\/div>\n<div id=\"chunk-dc0bt\">\n<div class=\"mc-column content-text active-extra-styles \" data-block-type=\"unstyled\" data-block-weight=\"27\" data-block-id=\"9\">\n<p class=\" content-text__container \" data-track-category=\"Link no Texto\" data-track-links=\"\" data-mrf-recirculation=\"Article links\">J\u00e1 em 2012, ela assumiu a diretoria-geral da ANP, onde permaneceu at\u00e9 2016. Enquanto esteve no cargo, liderou estudos t\u00e9cnicos que resultaram na primeira licita\u00e7\u00e3o do pr\u00e9-sal.<\/p>\n<\/div>\n<\/div>\n<div id=\"chunk-hmgm\">\n<div class=\"mc-column content-text active-extra-styles \" data-block-type=\"unstyled\" data-block-weight=\"25\" data-block-id=\"10\">\n<p class=\" content-text__container \" data-track-category=\"Link no Texto\" data-track-links=\"\" data-mrf-recirculation=\"Article links\">Desde 2021, a engenheira atua na Assessoria Fiscal Assembleia Legislativa do Rio de Janeiro (Alerj). Ela tamb\u00e9m \u00e9 s\u00f3cia da empresa Chambriard Engenharia e Energia.<\/p>\n<\/div>\n<\/div>\n<div id=\"chunk-aaa7c\">\n<div class=\"mc-column content-text active-extra-styles \" data-block-type=\"unstyled\" data-block-weight=\"18\" data-block-id=\"11\">\n<p class=\" content-text__container \" data-track-category=\"Link no Texto\" data-track-links=\"\" data-mrf-recirculation=\"Article links\">No ano passado, em uma rede social, Magda fez um publica\u00e7\u00e3o sobre a posi\u00e7\u00e3o de mulheres no governo.<\/p>\n<div id=\"chunk-69a4f\">\n<div class=\"mc-column content-text active-extra-styles\" data-block-type=\"raw\" data-block-weight=\"2\" data-block-id=\"16\">\n<div class=\"content-intertitle\">\n<h2>Sa\u00edda oficializada<\/h2>\n<\/div>\n<p>A Petrobras emitiu um comunicado aos acionistas oficializando a sa\u00edda de Jean Paul Prates da presid\u00eancia da estatal.<\/p>\n<\/div>\n<\/div>\n<div id=\"chunk-4trfn\">\n<div class=\"mc-column content-text active-extra-styles \" data-block-type=\"unstyled\" data-block-weight=\"43\" data-block-id=\"18\">\n<p class=\" content-text__container \" data-track-category=\"Link no Texto\" data-track-links=\"\" data-mrf-recirculation=\"Article links\">&#8220;[A] Petrobras informa que recebeu nesta noite de seu Presidente, Sr. Jean Paul Prattes, solicita\u00e7\u00e3o de que o Conselho de Administra\u00e7\u00e3o da Companhia se re\u00fana para apreciar o encerramento antecipado de seu mandato como Presidente da Petrobras de forma negociada&#8221;, diz o comunicado.<\/p>\n<\/div>\n<\/div>\n<div id=\"chunk-ef0en\">\n<div class=\"mc-column content-text active-extra-styles \" data-block-type=\"unstyled\" data-block-weight=\"21\" data-block-id=\"19\">\n<p data-track-category=\"Link no Texto\" data-track-links=\"\" data-mrf-recirculation=\"Article links\">Fonte: G1<\/p>\n<\/div>\n<\/div>\n<\/div>\n<\/div>\n<\/div>\n<\/div>\n<\/div>\n","protected":false},"excerpt":{"rendered":"<p>A engenheira e servidora de carreira\u00a0Magda Chambriard\u00a0deve ser a nova presidente da\u00a0Petrobras. A indica\u00e7\u00e3o foi oficializada nesta ter\u00e7a-feira (14), ap\u00f3s o presidente Luiz In\u00e1cio Lula&#8230;<\/p>\n","protected":false},"author":1527,"featured_media":51328,"comment_status":"closed","ping_status":"closed","sticky":false,"template":"","format":"standard","meta":{"footnotes":""},"categories":[6],"tags":[],"class_list":["post-51321","post","type-post","status-publish","format-standard","has-post-thumbnail","hentry","category-noticias"],"_links":{"self":[{"href":"https:\/\/www.sincomam.org.br\/index.php\/wp-json\/wp\/v2\/posts\/51321","targetHints":{"allow":["GET"]}}],"collection":[{"href":"https:\/\/www.sincomam.org.br\/index.php\/wp-json\/wp\/v2\/posts"}],"about":[{"href":"https:\/\/www.sincomam.org.br\/index.php\/wp-json\/wp\/v2\/types\/post"}],"author":[{"embeddable":true,"href":"https:\/\/www.sincomam.org.br\/index.php\/wp-json\/wp\/v2\/users\/1527"}],"replies":[{"embeddable":true,"href":"https:\/\/www.sincomam.org.br\/index.php\/wp-json\/wp\/v2\/comments?post=51321"}],"version-history":[{"count":1,"href":"https:\/\/www.sincomam.org.br\/index.php\/wp-json\/wp\/v2\/posts\/51321\/revisions"}],"predecessor-version":[{"id":51323,"href":"https:\/\/www.sincomam.org.br\/index.php\/wp-json\/wp\/v2\/posts\/51321\/revisions\/51323"}],"wp:featuredmedia":[{"embeddable":true,"href":"https:\/\/www.sincomam.org.br\/index.php\/wp-json\/wp\/v2\/media\/51328"}],"wp:attachment":[{"href":"https:\/\/www.sincomam.org.br\/index.php\/wp-json\/wp\/v2\/media?parent=51321"}],"wp:term":[{"taxonomy":"category","embeddable":true,"href":"https:\/\/www.sincomam.org.br\/index.php\/wp-json\/wp\/v2\/categories?post=51321"},{"taxonomy":"post_tag","embeddable":true,"href":"https:\/\/www.sincomam.org.br\/index.php\/wp-json\/wp\/v2\/tags?post=51321"}],"curies":[{"name":"wp","href":"https:\/\/api.w.org\/{rel}","templated":true}]}}