{"id":51307,"date":"2024-05-14T07:21:23","date_gmt":"2024-05-14T10:21:23","guid":{"rendered":"http:\/\/www.sincomam.org.br\/?p=51307"},"modified":"2024-05-14T07:21:23","modified_gmt":"2024-05-14T10:21:23","slug":"imposto-de-renda-2024-saiba-como-usar-a-declaracao-para-fazer-doacoes-ao-rio-grande-do-sul","status":"publish","type":"post","link":"https:\/\/www.sincomam.org.br\/index.php\/imposto-de-renda-2024-saiba-como-usar-a-declaracao-para-fazer-doacoes-ao-rio-grande-do-sul\/","title":{"rendered":"Imposto de Renda 2024: saiba como usar a declara\u00e7\u00e3o para fazer doa\u00e7\u00f5es ao Rio Grande do Sul"},"content":{"rendered":"<div id=\"chunk-3lv1v\">\n<div class=\"mc-column content-text active-extra-styles active-capital-letter\" data-block-type=\"unstyled\" data-block-weight=\"42\" data-block-id=\"1\">\n<p class=\" content-text__container theme-color-primary-first-letter\" data-track-category=\"Link no Texto\" data-track-links=\"\" data-mrf-recirculation=\"Article links\">A declara\u00e7\u00e3o do Imposto de Renda prev\u00ea duas formas de beneficiar o contribuinte por doa\u00e7\u00f5es realizadas para projetos sociais: direto na declara\u00e7\u00e3o deste ano ou por desconto da base de c\u00e1lculo no acerto de contas com a\u00a0Receita Federal\u00a0no ano seguinte.<\/p>\n<\/div>\n<\/div>\n<div class=\"wall protected-content\">\n<div id=\"chunk-35u6p\">\n<div class=\"mc-column content-text active-extra-styles \" data-block-type=\"unstyled\" data-block-weight=\"50\" data-block-id=\"3\">\n<p class=\" content-text__container \" data-track-category=\"Link no Texto\" data-track-links=\"\" data-mrf-recirculation=\"Article links\">As doa\u00e7\u00f5es dedut\u00edveis podem ser feitas a fundos de apoio \u00e0 Crian\u00e7a e do Adolescente, de apoio ao Idoso, Incentivo \u00e0 Cultura, Incentivo \u00e0 atividade audiovisual e Incentivo ao Desporto durante todo o ano-calend\u00e1rio. J\u00e1 no momento da declara\u00e7\u00e3o, somente doa\u00e7\u00f5es para os fundos de crian\u00e7as e idosos s\u00e3o aceitas.<\/p>\n<\/div>\n<\/div>\n<div id=\"chunk-pb8m\">\n<div class=\"mc-column content-text active-extra-styles \" data-block-type=\"unstyled\" data-block-weight=\"39\" data-block-id=\"4\">\n<p class=\" content-text__container \" data-track-category=\"Link no Texto\" data-track-links=\"\" data-mrf-recirculation=\"Article links\">Em meio a maior trag\u00e9dia ambiental da hist\u00f3ria do Rio Grande do Sul,\u00a0que j\u00e1 enfrenta temporais e alagamentos em todo o estado h\u00e1 semanas, essa \u00e9 uma oportunidade de usar a declara\u00e7\u00e3o para destinar recursos para as v\u00edtimas.<\/p>\n<\/div>\n<\/div>\n<div id=\"chunk-cna8o\">\n<div class=\"mc-column content-text active-extra-styles \" data-block-type=\"unstyled\" data-block-weight=\"4\" data-block-id=\"5\">\n<div id=\"chunk-7rm4p\">\n<div class=\"mc-column content-text active-extra-styles\" data-block-type=\"raw\" data-block-weight=\"7\" data-block-id=\"10\">\n<div class=\"content-intertitle\">\n<h2><strong>Como funciona a doa\u00e7\u00e3o direta na declara\u00e7\u00e3o?<\/strong><\/h2>\n<\/div>\n<p>Na doa\u00e7\u00e3o feita direto na declara\u00e7\u00e3o, o contribuinte pode destinar at\u00e9 6% do valor de Imposto Devido para doa\u00e7\u00f5es aos fundos que auxiliem crian\u00e7as e adolescentes ou idosos, sendo at\u00e9 3% para cada.<\/p>\n<\/div>\n<\/div>\n<div id=\"chunk-95iph\">\n<div class=\"mc-column content-text active-extra-styles \" data-block-type=\"unstyled\" data-block-weight=\"24\" data-block-id=\"12\">\n<p class=\" content-text__container \" data-track-category=\"Link no Texto\" data-track-links=\"\" data-mrf-recirculation=\"Article links\">O Imposto Devido \u00e9 calculado quando o contribuinte informa todas as suas fontes de renda do ano anterior \u00e0 Receita Federal. H\u00e1 duas possibilidades:<\/p>\n<\/div>\n<\/div>\n<div id=\"chunk-dp83c\">\n<div class=\"mc-column content-text active-extra-styles\" data-block-type=\"raw\" data-block-weight=\"36\" data-block-id=\"13\">\n<ul class=\"content-unordered-list\" data-mrf-recirculation=\"Recomendado\">\n<li>Quando o Imposto de Renda Retido na Fonte (IRFF) \u00e9 menor que o Imposto Devido, o contribuinte precisar\u00e1\u00a0<span class=\"highlight highlighted\">pagar um valor na declara\u00e7\u00e3o.<\/span><\/li>\n<li>J\u00e1 quando os recolhimentos somam um valor maior, a<span class=\"highlight highlighted\">\u00a0pessoa recebe a restitui\u00e7\u00e3o.<\/span><\/li>\n<\/ul>\n<p>Se, por exemplo, o contribuinte teve um Imposto Devido de R$ 1 mil no ano, e teve uma reten\u00e7\u00e3o na fonte ao longo dos 12 meses de R$ 400, ent\u00e3o o valor a pagar ser\u00e1 de R$ 600. Neste cen\u00e1rio, \u00e9 poss\u00edvel destinar, no m\u00e1ximo, R$ 60 (ou 6%) para as doa\u00e7\u00f5es.<\/p>\n<\/div>\n<\/div>\n<div id=\"chunk-1u2nd\">\n<div class=\"mc-column content-text active-extra-styles \" data-block-type=\"unstyled\" data-block-weight=\"23\" data-block-id=\"15\">\n<p class=\" content-text__container \" data-track-category=\"Link no Texto\" data-track-links=\"\" data-mrf-recirculation=\"Article links\">Tamb\u00e9m \u00e9 poss\u00edvel doar mesmo que o contribuinte receba a restitui\u00e7\u00e3o. O valor escolhido para a doa\u00e7\u00e3o ser\u00e1 debitado do total da restitui\u00e7\u00e3o.<\/p>\n<\/div>\n<\/div>\n<div id=\"chunk-aovs2\">\n<div class=\"mc-column content-text active-extra-styles \" data-block-type=\"unstyled\" data-block-weight=\"24\" data-block-id=\"16\">\n<p class=\" content-text__container \" data-track-category=\"Link no Texto\" data-track-links=\"\" data-mrf-recirculation=\"Article links\">Se o contribuinte decidir n\u00e3o fazer a doa\u00e7\u00e3o, o valor do Imposto Devido iria direta e integralmente para os cofres do Governo Federal.<\/p>\n<\/div>\n<\/div>\n<div id=\"chunk-5fd0s\">\n<div class=\"mc-column content-text active-extra-styles \" data-block-type=\"unstyled\" data-block-weight=\"41\" data-block-id=\"17\">\n<p class=\" content-text__container \" data-track-category=\"Link no Texto\" data-track-links=\"\" data-mrf-recirculation=\"Article links\"><span class=\"highlight highlighted\">O pr\u00f3prio programa informa o limite que poder\u00e1 ser doado com aproveitamento de dedu\u00e7\u00e3o.<\/span>\u00a0Pelo site ou aplicativo da Receita, o contribuinte pode escolher o estado que quer beneficiar com sua doa\u00e7\u00e3o, sendo poss\u00edvel escolher o Rio Grande do Sul.<\/p>\n<div id=\"chunk-ehold\">\n<div class=\"mc-column content-text active-extra-styles\" data-block-type=\"raw\" data-block-weight=\"8\" data-block-id=\"19\">\n<div class=\"content-intertitle\">\n<h2>Veja o passo a passo de como doar<\/h2>\n<\/div>\n<p><strong>Para doar diretamente pela declara\u00e7\u00e3o do Imposto de Renda, o contribuinte deve:<\/strong><\/p>\n<\/div>\n<\/div>\n<div id=\"chunk-6glp8\">\n<div class=\"mc-column content-text active-extra-styles\" data-block-type=\"raw\" data-block-weight=\"111\" data-block-id=\"21\">\n<ul class=\"content-unordered-list\" data-mrf-recirculation=\"Recomendado\">\n<li>preencher todos os dados necess\u00e1rios para a declara\u00e7\u00e3o;<\/li>\n<li>clicar em &#8220;Doa\u00e7\u00f5es Diretamente na Declara\u00e7\u00e3o&#8221;;<\/li>\n<li>optar pelo tipo de entidade que vai beneficiar, seja voltada para crian\u00e7as e adolescentes ou para idosos;<\/li>\n<li>clicar em &#8220;Novo&#8221;;<\/li>\n<li>optar de vai doar para um fundo de alcance nacional, estadual ou municipal;<\/li>\n<li>selecionar a UF a ser beneficiada \u2014 neste caso, Rio Grande do Sul;<\/li>\n<li>escolher qual o fundo para que a doa\u00e7\u00e3o ser\u00e1 feita;<\/li>\n<li>digitar o valor que ser\u00e1 doado (o site sinaliza qual o valor m\u00e1ximo para doa\u00e7\u00e3o, seguindo os limites estabelecidos pela Receita);<\/li>\n<li>clicar em &#8220;ok&#8221; e, ao enviar a declara\u00e7\u00e3o do Imposto de Renda, imprimir e pagar um DARF para cada doa\u00e7\u00e3o.<\/li>\n<\/ul>\n<p><em>\u26a0\ufe0f A Receita destaca que os valores recolhidos nestes DARFs ser\u00e3o compensados integralmente posteriormente, e o contribuinte n\u00e3o paga nada al\u00e9m do valor original do Imposto Devido.<\/em><\/p>\n<\/div>\n<\/div>\n<div id=\"chunk-bcvic\">\n<div class=\"mc-column content-text active-extra-styles \" data-block-type=\"unstyled\" data-block-weight=\"28\" data-block-id=\"23\">\n<p class=\" content-text__container \" data-track-category=\"Link no Texto\" data-track-links=\"\" data-mrf-recirculation=\"Article links\">Para saber qual o trabalho desenvolvido pelos fundos, al\u00e9m de selecionar o estado Rio Grande do Sul para a doa\u00e7\u00e3o, tamb\u00e9m \u00e9 poss\u00edvel procurar as atividades na internet.<\/p>\n<\/div>\n<\/div>\n<div id=\"chunk-14ja8\">\n<div class=\"mc-column content-text active-extra-styles\" data-block-type=\"raw\" data-block-weight=\"8\" data-block-id=\"24\">\n<p class=\"content-text__container\" data-mrf-recirculation=\"Article links\"><strong>Como usar o desconto na declara\u00e7\u00e3o de 2025?<\/strong><\/p>\n<p>Tamb\u00e9m \u00e9 poss\u00edvel fazer a doa\u00e7\u00e3o neste ano para <span class=\"highlight highlighted\">ganhar desconto no c\u00e1lculo do Imposto de Renda<\/span>\u00a0no ano que vem.<\/p>\n<\/div>\n<\/div>\n<div id=\"chunk-euvsa\">\n<div class=\"tag-manager-publicidade-container mc-has-reveal mc-has-ad-lazyload tag-manager-publicidade-banner_materia__7f55d97e-2d4b-4346-8e6d-a6363805b9e2 tag-manager-publicidade-container--carregado tag-manager-publicidade-container--visivel\" data-id=\"banner_materia__7f55d97e-2d4b-4346-8e6d-a6363805b9e2\" data-google-query-id=\"CN2q9671jIYDFXNQuAQdfIIEvA\">\n<div id=\"chunk-iqjk\">\n<div class=\"mc-column content-text active-extra-styles \" data-block-type=\"unstyled\" data-block-weight=\"5\" data-block-id=\"27\">\n<p class=\" content-text__container \" data-track-category=\"Link no Texto\" data-track-links=\"\" data-mrf-recirculation=\"Article links\"><strong>Para isso, o contribuinte deve:<\/strong><\/p>\n<\/div>\n<\/div>\n<div id=\"chunk-dgm1s\">\n<div class=\"mc-column content-text active-extra-styles\" data-block-type=\"raw\" data-block-weight=\"64\" data-block-id=\"28\">\n<ul class=\"content-unordered-list\" data-mrf-recirculation=\"Recomendado\">\n<li>procurar algum Conselho dos Direitos da Crian\u00e7a e do Adolescente ou o Conselho dos Direitos da Pessoa Idosa, seja municipal, estadual ou nacional;<\/li>\n<li>doar o valor desejado para o fundo administrado pelo Conselho escolhido;<\/li>\n<li>pegar o comprovante da doa\u00e7\u00e3o e guard\u00e1-lo at\u00e9 o pr\u00f3ximo ano;<\/li>\n<li>no ano que vem, declarar o valor doado na guia &#8220;Doa\u00e7\u00f5es Efetuadas&#8221; na declara\u00e7\u00e3o anual do Imposto de Renda.<\/li>\n<\/ul>\n<p>Fonte: G1<\/p>\n<\/div>\n<\/div>\n<\/div>\n<\/div>\n<\/div>\n<\/div>\n<\/div>\n<\/div>\n<\/div>\n","protected":false},"excerpt":{"rendered":"<p>A declara\u00e7\u00e3o do Imposto de Renda prev\u00ea duas formas de beneficiar o contribuinte por doa\u00e7\u00f5es realizadas para projetos sociais: direto na declara\u00e7\u00e3o deste ano ou&#8230;<\/p>\n","protected":false},"author":1527,"featured_media":50472,"comment_status":"closed","ping_status":"closed","sticky":false,"template":"","format":"standard","meta":{"footnotes":""},"categories":[6],"tags":[],"class_list":["post-51307","post","type-post","status-publish","format-standard","has-post-thumbnail","hentry","category-noticias"],"_links":{"self":[{"href":"https:\/\/www.sincomam.org.br\/index.php\/wp-json\/wp\/v2\/posts\/51307","targetHints":{"allow":["GET"]}}],"collection":[{"href":"https:\/\/www.sincomam.org.br\/index.php\/wp-json\/wp\/v2\/posts"}],"about":[{"href":"https:\/\/www.sincomam.org.br\/index.php\/wp-json\/wp\/v2\/types\/post"}],"author":[{"embeddable":true,"href":"https:\/\/www.sincomam.org.br\/index.php\/wp-json\/wp\/v2\/users\/1527"}],"replies":[{"embeddable":true,"href":"https:\/\/www.sincomam.org.br\/index.php\/wp-json\/wp\/v2\/comments?post=51307"}],"version-history":[{"count":1,"href":"https:\/\/www.sincomam.org.br\/index.php\/wp-json\/wp\/v2\/posts\/51307\/revisions"}],"predecessor-version":[{"id":51308,"href":"https:\/\/www.sincomam.org.br\/index.php\/wp-json\/wp\/v2\/posts\/51307\/revisions\/51308"}],"wp:featuredmedia":[{"embeddable":true,"href":"https:\/\/www.sincomam.org.br\/index.php\/wp-json\/wp\/v2\/media\/50472"}],"wp:attachment":[{"href":"https:\/\/www.sincomam.org.br\/index.php\/wp-json\/wp\/v2\/media?parent=51307"}],"wp:term":[{"taxonomy":"category","embeddable":true,"href":"https:\/\/www.sincomam.org.br\/index.php\/wp-json\/wp\/v2\/categories?post=51307"},{"taxonomy":"post_tag","embeddable":true,"href":"https:\/\/www.sincomam.org.br\/index.php\/wp-json\/wp\/v2\/tags?post=51307"}],"curies":[{"name":"wp","href":"https:\/\/api.w.org\/{rel}","templated":true}]}}