{"id":51300,"date":"2024-05-14T07:23:47","date_gmt":"2024-05-14T10:23:47","guid":{"rendered":"http:\/\/www.sincomam.org.br\/?p=51300"},"modified":"2024-05-13T23:24:35","modified_gmt":"2024-05-14T02:24:35","slug":"antaq-oficializou-medidas-regulatorias-em-apoio-a-populacao-gaucha","status":"publish","type":"post","link":"https:\/\/www.sincomam.org.br\/index.php\/antaq-oficializou-medidas-regulatorias-em-apoio-a-populacao-gaucha\/","title":{"rendered":"ANTAQ oficializou medidas regulat\u00f3rias em apoio \u00e0 popula\u00e7\u00e3o ga\u00facha"},"content":{"rendered":"<p dir=\"ltr\">A diretoria colegiada da Ag\u00eancia Nacional de Transportes Aquavi\u00e1rios (ANTAQ) vem tomando algumas iniciativas na tentativa de auxiliar as v\u00edtimas das enchentes no Rio Grande do Sul.<\/p>\n<p dir=\"ltr\">Nesta segunda-feira (13), foi publicada a Resolu\u00e7\u00e3o ANTAQ 114\/2024 que determina mais algumas a\u00e7\u00f5es regulat\u00f3rias na tentativa de auxiliar a entrega de donativos para a regi\u00e3o.<\/p>\n<p dir=\"ltr\">Para as a\u00e7\u00f5es, foi levado em considera\u00e7\u00e3o que grande parte dessas doa\u00e7\u00f5es est\u00e3o sendo transportadas por meio de embarca\u00e7\u00f5es, especialmente em unidades conteinerizadas.<\/p>\n<p dir=\"ltr\"><strong>A\u00e7\u00f5es vigentes a partir de hoje:<\/strong><\/p>\n<ul>\n<li dir=\"ltr\">\n<p dir=\"ltr\">Foi autorizada a isen\u00e7\u00e3o total ou desconto parcial nas tarifas de embarca\u00e7\u00f5es que contenham cargas destinadas ao apoio humanit\u00e1rio ao Estado do Rio Grande do Sul.<\/p>\n<ul>\n<li style=\"list-style-type: none;\">\n<ul>\n<li>De acordo com delibera\u00e7\u00e3o, ficam autorizados descontos tarif\u00e1rios integrais das tabelas I e II para embarca\u00e7\u00f5es com cargas exclusivamente destinadas a entrega de donativos para a regi\u00e3o;<\/li>\n<li>Ser\u00e3o permitidos descontos tarif\u00e1rios proporcionais nas tabelas I e II para as opera\u00e7\u00f5es que transportem de modo n\u00e3o exclusivo cargas classificadas como humanit\u00e1rias com destino ao apoio das v\u00edtimas das enchentes no Estado;<\/li>\n<li>Ficam autorizados ainda descontos tarif\u00e1rios integrais para as demais opera\u00e7\u00f5es realizadas com cargas classificadas como humanit\u00e1rias e que incidam as demais tabelas tarif\u00e1rias (infra terra), que tenham como destino o apoio \u00e0s v\u00edtimas dos eventos clim\u00e1ticos ocorridos no Rio Grande do Sul<\/li>\n<\/ul>\n<\/li>\n<\/ul>\n<\/li>\n<\/ul>\n<ul>\n<li dir=\"ltr\">\n<p dir=\"ltr\">Ter\u00e3o prioridade, em portos, embarca\u00e7\u00f5es que contenham doa\u00e7\u00f5es para as v\u00edtimas das enchentes no Rio Grande do Sul<\/p>\n<\/li>\n<\/ul>\n<p dir=\"ltr\">De acordo com a delibera\u00e7\u00e3o,\u00a0\u00a0cada porto p\u00fablico dever\u00e1 expedir as orienta\u00e7\u00f5es que se fizerem necess\u00e1rias para conferir plena efic\u00e1cia \u00e0 presente resolu\u00e7\u00e3o e\u00a0as autoridades portu\u00e1rias dever\u00e3o encaminhar relat\u00f3rio \u00e0 Ag\u00eancia com as prefer\u00eancias e descontos concedidos para fins de acompanhamento das medidas.<\/p>\n<p dir=\"ltr\"><strong>A\u00e7\u00f5es ainda vigentes:<\/strong><\/p>\n<ul>\n<li dir=\"ltr\">\n<p dir=\"ltr\">Flexibiliza\u00e7\u00e3o tempor\u00e1ria dos esquemas operacionais das Empresas Brasileiras de Navega\u00e7\u00e3o (EBNs) que operam no Rio Grande do Sul e s\u00e3o reguladas pela ANTAQ.\u00a0<a href=\"https:\/\/www.gov.br\/antaq\/pt-br\/noticias\/2024\/antaq-permite-a-flexibilizacao-dos-esquemas-operacionais-de-ebns-que-operam-no-rs-devido-as-chuvas-na-regiao\">Acesse aqui<\/a>.<\/p>\n<\/li>\n<li dir=\"ltr\">\n<p dir=\"ltr\">Recebimento de doa\u00e7\u00f5es no edif\u00edcio sede da ANTAQ, na Asa Norte, em Bras\u00edlia (DF), das 08h \u00e0s 18h, at\u00e9 que seja necess\u00e1rio. As prioridades s\u00e3o: \u00e1gua pot\u00e1vel, alimentos n\u00e3o perec\u00edveis, kit de higiene pessoal, fraldas infantis e geri\u00e1tricas, roupas \u00edntimas e ra\u00e7\u00e3o animal.\u00a0<a href=\"https:\/\/www.gov.br\/antaq\/pt-br\/noticias\/2024\/antaq-e-ponto-de-coleta-de-doacoes-para-vitimas-das-enchentes-no-rio-grande-do-sul\">Saiba mais<\/a>.<\/p>\n<\/li>\n<\/ul>\n<p>Fonte: Antaq<\/p>\n","protected":false},"excerpt":{"rendered":"<p>A diretoria colegiada da Ag\u00eancia Nacional de Transportes Aquavi\u00e1rios (ANTAQ) vem tomando algumas iniciativas na tentativa de auxiliar as v\u00edtimas das enchentes no Rio Grande&#8230;<\/p>\n","protected":false},"author":1527,"featured_media":51301,"comment_status":"closed","ping_status":"closed","sticky":false,"template":"","format":"standard","meta":{"footnotes":""},"categories":[6],"tags":[],"class_list":["post-51300","post","type-post","status-publish","format-standard","has-post-thumbnail","hentry","category-noticias"],"_links":{"self":[{"href":"https:\/\/www.sincomam.org.br\/index.php\/wp-json\/wp\/v2\/posts\/51300","targetHints":{"allow":["GET"]}}],"collection":[{"href":"https:\/\/www.sincomam.org.br\/index.php\/wp-json\/wp\/v2\/posts"}],"about":[{"href":"https:\/\/www.sincomam.org.br\/index.php\/wp-json\/wp\/v2\/types\/post"}],"author":[{"embeddable":true,"href":"https:\/\/www.sincomam.org.br\/index.php\/wp-json\/wp\/v2\/users\/1527"}],"replies":[{"embeddable":true,"href":"https:\/\/www.sincomam.org.br\/index.php\/wp-json\/wp\/v2\/comments?post=51300"}],"version-history":[{"count":1,"href":"https:\/\/www.sincomam.org.br\/index.php\/wp-json\/wp\/v2\/posts\/51300\/revisions"}],"predecessor-version":[{"id":51302,"href":"https:\/\/www.sincomam.org.br\/index.php\/wp-json\/wp\/v2\/posts\/51300\/revisions\/51302"}],"wp:featuredmedia":[{"embeddable":true,"href":"https:\/\/www.sincomam.org.br\/index.php\/wp-json\/wp\/v2\/media\/51301"}],"wp:attachment":[{"href":"https:\/\/www.sincomam.org.br\/index.php\/wp-json\/wp\/v2\/media?parent=51300"}],"wp:term":[{"taxonomy":"category","embeddable":true,"href":"https:\/\/www.sincomam.org.br\/index.php\/wp-json\/wp\/v2\/categories?post=51300"},{"taxonomy":"post_tag","embeddable":true,"href":"https:\/\/www.sincomam.org.br\/index.php\/wp-json\/wp\/v2\/tags?post=51300"}],"curies":[{"name":"wp","href":"https:\/\/api.w.org\/{rel}","templated":true}]}}