{"id":51294,"date":"2024-05-14T07:02:26","date_gmt":"2024-05-14T10:02:26","guid":{"rendered":"http:\/\/www.sincomam.org.br\/?p=51294"},"modified":"2024-05-14T07:16:09","modified_gmt":"2024-05-14T10:16:09","slug":"governo-federal-debate-sobre-atracao-de-investimentos-nos-portos-da-bahia","status":"publish","type":"post","link":"https:\/\/www.sincomam.org.br\/index.php\/governo-federal-debate-sobre-atracao-de-investimentos-nos-portos-da-bahia\/","title":{"rendered":"GOVERNO FEDERAL DEBATE SOBRE ATRA\u00c7\u00c3O DE INVESTIMENTOS NOS PORTOS DA BAHIA"},"content":{"rendered":"<p dir=\"ltr\">Na \u00faltima quarta-feira (8), a Companhia das Docas do Estado da Bahia (Codeba) debateu sobre estrat\u00e9gias para fomentar a atra\u00e7\u00e3o de investimentos e alavancar a movimenta\u00e7\u00e3o de cargas nos portos baianos\u00a0(Salvador, Aratu-Candeias e Ilh\u00e9us). O encontro, sediado em Salvador, contou com a presen\u00e7a ilustre do Secret\u00e1rio Nacional de Portos, Alex Sandro de \u00c1vila, representante do Minist\u00e9rio de Portos e Aeroportos, juntamente com Amanda Seabra, Diretora do Programa de Parcerias de Investimento, e Adailton Dias, Secret\u00e1rio Adjunto de Infraestrutura Econ\u00f4mica, ambos do Minist\u00e9rio da Casa Civil.<\/p>\n<p dir=\"ltr\">\u201cNa Secretaria Nacional de Portos, sob a diretriz do ministro Silvio Costa Filho, estamos empenhados em impulsionar a atra\u00e7\u00e3o de investimentos, visando o arrendamento de novas \u00e1reas. Esta \u00e9 a maneira mais eficaz de ampliar a capacidade dos portos e diversificar o leque de produtos movimentados\u201d, destacou \u00c1vila.<\/p>\n<p dir=\"ltr\">O encontro refor\u00e7a o compromisso conjunto em fortalecer a infraestrutura portu\u00e1ria da Bahia, impulsionando a economia local e regional atrav\u00e9s da atra\u00e7\u00e3o de investimentos e do aumento da efici\u00eancia operacional dos portos.<\/p>\n<p dir=\"ltr\">\u201cEstamos em constante di\u00e1logo com a equipe do Minist\u00e9rio dos Portos e Aeroportos, buscando alinhar estrat\u00e9gias que promovam o crescimento da movimenta\u00e7\u00e3o portu\u00e1ria e, consequentemente, o desenvolvimento regional\u201d, ressaltou o diretor presidente da Codeba, Antonio Gobbo.<\/p>\n<p dir=\"ltr\">Fonte: Informativo dos Portos<\/p>\n","protected":false},"excerpt":{"rendered":"<p>Na \u00faltima quarta-feira (8), a Companhia das Docas do Estado da Bahia (Codeba) debateu sobre estrat\u00e9gias para fomentar a atra\u00e7\u00e3o de investimentos e alavancar a&#8230;<\/p>\n","protected":false},"author":1527,"featured_media":51295,"comment_status":"closed","ping_status":"closed","sticky":false,"template":"","format":"standard","meta":{"footnotes":""},"categories":[6],"tags":[],"class_list":["post-51294","post","type-post","status-publish","format-standard","has-post-thumbnail","hentry","category-noticias"],"_links":{"self":[{"href":"https:\/\/www.sincomam.org.br\/index.php\/wp-json\/wp\/v2\/posts\/51294","targetHints":{"allow":["GET"]}}],"collection":[{"href":"https:\/\/www.sincomam.org.br\/index.php\/wp-json\/wp\/v2\/posts"}],"about":[{"href":"https:\/\/www.sincomam.org.br\/index.php\/wp-json\/wp\/v2\/types\/post"}],"author":[{"embeddable":true,"href":"https:\/\/www.sincomam.org.br\/index.php\/wp-json\/wp\/v2\/users\/1527"}],"replies":[{"embeddable":true,"href":"https:\/\/www.sincomam.org.br\/index.php\/wp-json\/wp\/v2\/comments?post=51294"}],"version-history":[{"count":1,"href":"https:\/\/www.sincomam.org.br\/index.php\/wp-json\/wp\/v2\/posts\/51294\/revisions"}],"predecessor-version":[{"id":51296,"href":"https:\/\/www.sincomam.org.br\/index.php\/wp-json\/wp\/v2\/posts\/51294\/revisions\/51296"}],"wp:featuredmedia":[{"embeddable":true,"href":"https:\/\/www.sincomam.org.br\/index.php\/wp-json\/wp\/v2\/media\/51295"}],"wp:attachment":[{"href":"https:\/\/www.sincomam.org.br\/index.php\/wp-json\/wp\/v2\/media?parent=51294"}],"wp:term":[{"taxonomy":"category","embeddable":true,"href":"https:\/\/www.sincomam.org.br\/index.php\/wp-json\/wp\/v2\/categories?post=51294"},{"taxonomy":"post_tag","embeddable":true,"href":"https:\/\/www.sincomam.org.br\/index.php\/wp-json\/wp\/v2\/tags?post=51294"}],"curies":[{"name":"wp","href":"https:\/\/api.w.org\/{rel}","templated":true}]}}