{"id":5129,"date":"2014-04-28T08:30:50","date_gmt":"2014-04-28T11:30:50","guid":{"rendered":"http:\/\/www.sincomam.org.br\/?p=5129"},"modified":"2014-04-25T18:21:28","modified_gmt":"2014-04-25T21:21:28","slug":"justica-aceita-denuncia-contra-ex-diretor-da-petrobras","status":"publish","type":"post","link":"https:\/\/www.sincomam.org.br\/index.php\/justica-aceita-denuncia-contra-ex-diretor-da-petrobras\/","title":{"rendered":"Opera\u00e7\u00e3o Lava Jato: Justi\u00e7a aceita den\u00fancia contra ex-diretor da Petrobras"},"content":{"rendered":"<p><b><i>Empresas fantasmas foram usadas para lavar dinheiro de obra superfaturada<\/i><\/b><\/p>\n<p>A Justi\u00e7a Federal do Paran\u00e1 aceitou, nesta sexta-feira (25), mais uma den\u00fancia do Minist\u00e9rio P\u00fablico Federal (MPF), referente \u00e0 Opera\u00e7\u00e3o Lava Jato. Um dos nomes que aparecem nesta den\u00fancia \u00e9 o do ex-diretor da Petrobras Paulo Roberto Costa. Outras nove pessoas, entre elas o doleiro Alberto Youssef, tamb\u00e9m aparecem no processo. Ao todo, 18 pessoas j\u00e1 foram denunciadas pelo MPF no caso, com isso passam a ser chamadas de r\u00e9us.<\/p>\n<p>Paulo Roberto Costa \u00e9 apontado pelo MPF como um dos chefes de uma quadrilha especializada em lavar dinheiro no exterior, por meio de opera\u00e7\u00f5es de c\u00e2mbio fraudulentas. Conforme a den\u00fancia, aceita pela Justi\u00e7a Federal, o ex-diretor da Petrobras usou empresas de fachada, comandadas por Youssef, para lavar dinheiro da constru\u00e7\u00e3o da Refinaria Abreu e Lima, em Pernambuco.<\/p>\n<p>A obra foi executada entre 2009 e 2014 e h\u00e1 suspeita de superfaturamento, que pode chegar a mais de R$ 400 milh\u00f5es. O G1 entrou em contato com o Cons\u00f3rcio Camargo Correa, respons\u00e1vel pela obra, para comentar a cita\u00e7\u00e3o no processo. A empresa afirmou que apenas o contratante da obra &#8211; no caso, a Petrobras &#8211; deve se manifestar sobre o caso. &#8220;O Cons\u00f3rcio CNCC n\u00e3o pode responder por outras empresas e reafirma que jamais teve rela\u00e7\u00f5es comerciais ou fez repasses de recursos \u00e0s pessoas e empresas citadas\u201d, diz a nota oficial.<\/p>\n<p>Conforme as investiga\u00e7\u00f5es, empresas de Youssef foram usadas para o repasse do dinheiro. Essas companhias forneciam notas frias, conforme o MPF, para justificar os gastos da refinaria. Uma das provas da liga\u00e7\u00e3o entre Youssef e Costa \u00e9 a aquisi\u00e7\u00e3o de um jipe, no valor de R$ 250 mil, que o doleiro deu ao ex-diretor da Petrobras.<\/p>\n<p>A defesa de Costa alega que ele de fato recebeu o carro de Youssef, mas que a transa\u00e7\u00e3o seria fruto apenas de uma consultoria prestada por ele para o doleiro. O juiz federal que cuida do caso diz no despacho que nem a Pol\u00edcia Federal, nem o MPF conseguiram identificar qualquer prova desse servi\u00e7o.<\/p>\n<p>Os advogados do ex-diretor dizem que ele nunca recebeu qualquer quantia de Youssef enquanto ocupava o cargo na estatal e consideram a acusa\u00e7\u00e3o vazia.<\/p>\n<p><b>Entenda a Opera\u00e7\u00e3o Lava Jato<\/b><\/p>\n<p>A opera\u00e7\u00e3o Lava Jato foi deflagrada pela Pol\u00edcia Federal (PF) em mar\u00e7o no Paran\u00e1, S\u00e3o Paulo, Distrito Federal, Rio Grande do Sul, Santa Catarina, Rio de Janeiro e Mato Grosso. O grupo envolvido teria movimentado cerca de R$ 10 bilh\u00f5es. Alberto Youssef est\u00e1 preso desde o dia 17 de mar\u00e7o e \u00e9 investigado por ser um dos cabe\u00e7as do esquema.<\/p>\n<p>Fonte: G1 &#8211; Paran\u00e1<\/p>\n","protected":false},"excerpt":{"rendered":"<p>Empresas fantasmas foram usadas para lavar dinheiro de obra superfaturada A Justi\u00e7a Federal do Paran\u00e1 aceitou, nesta sexta-feira (25), mais uma den\u00fancia do Minist\u00e9rio P\u00fablico&#8230;<\/p>\n","protected":false},"author":1182,"featured_media":5132,"comment_status":"closed","ping_status":"closed","sticky":false,"template":"","format":"standard","meta":{"footnotes":""},"categories":[6],"tags":[812,891,145,58],"class_list":["post-5129","post","type-post","status-publish","format-standard","has-post-thumbnail","hentry","category-noticias","tag-doleiro","tag-ex-diretor","tag-justica","tag-petrobras"],"_links":{"self":[{"href":"https:\/\/www.sincomam.org.br\/index.php\/wp-json\/wp\/v2\/posts\/5129","targetHints":{"allow":["GET"]}}],"collection":[{"href":"https:\/\/www.sincomam.org.br\/index.php\/wp-json\/wp\/v2\/posts"}],"about":[{"href":"https:\/\/www.sincomam.org.br\/index.php\/wp-json\/wp\/v2\/types\/post"}],"author":[{"embeddable":true,"href":"https:\/\/www.sincomam.org.br\/index.php\/wp-json\/wp\/v2\/users\/1182"}],"replies":[{"embeddable":true,"href":"https:\/\/www.sincomam.org.br\/index.php\/wp-json\/wp\/v2\/comments?post=5129"}],"version-history":[{"count":3,"href":"https:\/\/www.sincomam.org.br\/index.php\/wp-json\/wp\/v2\/posts\/5129\/revisions"}],"predecessor-version":[{"id":5133,"href":"https:\/\/www.sincomam.org.br\/index.php\/wp-json\/wp\/v2\/posts\/5129\/revisions\/5133"}],"wp:featuredmedia":[{"embeddable":true,"href":"https:\/\/www.sincomam.org.br\/index.php\/wp-json\/wp\/v2\/media\/5132"}],"wp:attachment":[{"href":"https:\/\/www.sincomam.org.br\/index.php\/wp-json\/wp\/v2\/media?parent=5129"}],"wp:term":[{"taxonomy":"category","embeddable":true,"href":"https:\/\/www.sincomam.org.br\/index.php\/wp-json\/wp\/v2\/categories?post=5129"},{"taxonomy":"post_tag","embeddable":true,"href":"https:\/\/www.sincomam.org.br\/index.php\/wp-json\/wp\/v2\/tags?post=5129"}],"curies":[{"name":"wp","href":"https:\/\/api.w.org\/{rel}","templated":true}]}}