{"id":51286,"date":"2024-05-13T08:43:38","date_gmt":"2024-05-13T11:43:38","guid":{"rendered":"http:\/\/www.sincomam.org.br\/?p=51286"},"modified":"2024-05-13T08:43:38","modified_gmt":"2024-05-13T11:43:38","slug":"marinha-mercante-abre-nova-selecao-de-nivel-medio-com-293-vagas-para-ambos-os-sexos","status":"publish","type":"post","link":"https:\/\/www.sincomam.org.br\/index.php\/marinha-mercante-abre-nova-selecao-de-nivel-medio-com-293-vagas-para-ambos-os-sexos\/","title":{"rendered":"Marinha Mercante abre nova sele\u00e7\u00e3o de n\u00edvel m\u00e9dio, com 293 vagas para ambos os sexos"},"content":{"rendered":"<p>A\u00a0Marinha Mercante do Brasil\u00a0abriu, nesta sexta-feira (dia 10), as inscri\u00e7\u00f5es para uma sele\u00e7\u00e3o que oferece\u00a0293 vagas para candidatos de ambos os sexos, com n\u00edvel m\u00e9dio completo. Os interessados podem se candidatar no site www.marinha.mil.br\/ciaga, at\u00e9 23 de maio. A taxa de inscri\u00e7\u00e3o custa R$ 65, devendo ser quitada at\u00e9 o dia 24 de maio. Aqueles que desejam solicitar isen\u00e7\u00e3o da taxa tem entre o dia 10 e 12 de deste m\u00eas.\u00a0<a class=\"\" href=\"https:\/\/www.in.gov.br\/web\/dou\/-\/edital-de-6-de-maio-de-2024-558919115\" target=\"_blank\" rel=\"noopener\" data-mrf-link=\"https:\/\/www.in.gov.br\/web\/dou\/-\/edital-de-6-de-maio-de-2024-558919115\">Leia aqui o edital<\/a>.<\/p>\n<div class=\"cropped-block\">\n<div class=\"mc-column content-text active-extra-styles \" data-block-type=\"unstyled\" data-block-weight=\"50\" data-block-id=\"4\">\n<p class=\" content-text__container \" data-track-category=\"Link no Texto\" data-track-links=\"\" data-mrf-recirculation=\"Recomenda\u00e7\u00e3o meio do texto\">Os aprovados ser\u00e3o admitidos nas Escolas de Forma\u00e7\u00e3o de Oficiais da Marinha Mercante (EFOMM). O processo seletivo visa a preencher 174 vagas no Centro de Instru\u00e7\u00e3o Almirante Gra\u00e7a Aranha (CIAGA), no Rio de Janeiro, e 119 postos no Centro de Instru\u00e7\u00e3o Almirante Braz de Aguiar (CIABA), em Bel\u00e9m (PA).<\/p>\n<\/div>\n<\/div>\n<div class=\"cropped-block\">\n<div class=\"mc-column content-text active-extra-styles\" data-block-type=\"raw\" data-block-weight=\"3\" data-block-id=\"5\">\n<p class=\"content-text__container\" data-mrf-recirculation=\"Recomenda\u00e7\u00e3o meio do texto\"><strong>Requisitos para participar<\/strong><\/p>\n<p>Para participar, \u00e9 preciso ser brasileiro nato, com idade m\u00ednima de 17 anos e m\u00e1xima de 23 anos em 1\u00ba de janeiro de 2025, al\u00e9m de ter conclu\u00eddo, com aproveitamento, o curso do ensino m\u00e9dio ou equivalente, em institui\u00e7\u00e3o reconhecida, at\u00e9 3 de fevereiro de 2025.<\/p>\n<\/div>\n<\/div>\n<div class=\"cropped-block\">\n<div class=\"mc-column content-text active-extra-styles\" data-block-type=\"raw\" data-block-weight=\"14\" data-block-id=\"7\">\n<p>A sele\u00e7\u00e3o exige que o candidato n\u00e3o tenha filhos e n\u00e3o seja casado. Tamb\u00e9m n\u00e3o deve ter constitu\u00eddo uni\u00e3o est\u00e1vel. \u00c9 preciso ainda ter altura m\u00ednima de 1,54m e m\u00e1xima de 2m e n\u00e3o ter sido condenado por senten\u00e7a penal transitada em julgado.<\/p>\n<\/div>\n<\/div>\n<div class=\"cropped-block\">\n<div class=\"mc-column content-text active-extra-styles \" data-block-type=\"unstyled\" data-block-weight=\"64\" data-block-id=\"9\">\n<p class=\" content-text__container \" data-track-category=\"Link no Texto\" data-track-links=\"\" data-mrf-recirculation=\"Recomenda\u00e7\u00e3o meio do texto\">O candidato tamb\u00e9m n\u00e3o pode ter sido, nos \u00faltimos cinco anos, responsabilizado por ato lesivo ao patrim\u00f4nio p\u00fablico de qualquer esfera de governo, em processo administrativo do qual n\u00e3o caiba mais recurso, contando o prazo a partir da data do cumprimento da san\u00e7\u00e3o; ou condenado em processo criminal com senten\u00e7a transitada em julgado, contando o prazo a partir da data do cumprimento da pena.<\/p>\n<div class=\"cropped-block\">\n<div class=\"mc-column content-text active-extra-styles \" data-block-type=\"unstyled\" data-block-weight=\"42\" data-block-id=\"12\">\n<p class=\" content-text__container \" data-track-category=\"Link no Texto\" data-track-links=\"\" data-mrf-recirculation=\"Recomenda\u00e7\u00e3o meio do texto\">Por fim, \u00e9 necess\u00e1rio estar em dia com as obriga\u00e7\u00f5es do Servi\u00e7o Militar e da Justi\u00e7a Eleitoral; e n\u00e3o ter sido julgado &#8220;incapaz definitivamente&#8221; para o servi\u00e7o ativo das For\u00e7as Armadas ou das For\u00e7as Auxiliares ou para o servi\u00e7o militar inicial.<\/p>\n<\/div>\n<\/div>\n<div class=\"cropped-block\">\n<div class=\"mc-column content-text active-extra-styles \" data-block-type=\"unstyled\" data-block-weight=\"39\" data-block-id=\"13\">\n<p class=\" content-text__container \" data-track-category=\"Link no Texto\" data-track-links=\"\" data-mrf-recirculation=\"Recomenda\u00e7\u00e3o meio do texto\">O candidato ainda deve ter um documento oficial de identifica\u00e7\u00e3o f\u00edsico, v\u00e1lido e com fotografia; ou um documento de identifica\u00e7\u00e3o digital, com fotografia e QR Code, dispon\u00edvel, exclusivamente, nos aplicativos \u201cGov.br\u201d e \u201cCarteira Digital de Tr\u00e2nsito\u201d, al\u00e9m de CPF.<\/p>\n<\/div>\n<\/div>\n<div class=\"cropped-block\">\n<div class=\"mc-column content-text active-extra-styles\" data-block-type=\"raw\" data-block-weight=\"1\" data-block-id=\"14\">\n<p class=\"content-text__container\" data-mrf-recirculation=\"Recomenda\u00e7\u00e3o meio do texto\">\n<div class=\"content-intertitle\">\n<h2>Provas<\/h2>\n<\/div>\n<p>&nbsp;<\/p>\n<\/div>\n<\/div>\n<div class=\"cropped-block\">\n<div class=\"mc-column content-text active-extra-styles \" data-block-type=\"unstyled\" data-block-weight=\"40\" data-block-id=\"15\">\n<p class=\" content-text__container \" data-track-category=\"Link no Texto\" data-track-links=\"\" data-mrf-recirculation=\"Recomenda\u00e7\u00e3o meio do texto\">As provas objetivas da primeira etapa ser\u00e3o realizadas nos dias 3 e 4 de agosto, incluindo Portugu\u00eas (20 quest\u00f5es), Ingl\u00eas (20 quest\u00f5es) e Reda\u00e7\u00e3o, no primeiro dia. No segundo, as avalia\u00e7\u00f5es ser\u00e3o de F\u00edsica (20 quest\u00f5es) e Matem\u00e1tica (20 quest\u00f5es).<\/p>\n<\/div>\n<\/div>\n<div class=\"cropped-block\">\n<div class=\"mc-column content-text active-extra-styles \" data-block-type=\"unstyled\" data-block-weight=\"22\" data-block-id=\"16\">\n<p class=\" content-text__container \" data-track-category=\"Link no Texto\" data-track-links=\"\" data-mrf-recirculation=\"Recomenda\u00e7\u00e3o meio do texto\">Depois, os aprovados passar\u00e3o por comprova\u00e7\u00e3o de renda familiar e sele\u00e7\u00e3o psicof\u00edsica, ambas dentro da segunda etapa (entre outubro e novembro).<\/p>\n<\/div>\n<\/div>\n<div class=\"cropped-block\">\n<div class=\"mc-column content-text active-extra-styles \" data-block-type=\"unstyled\" data-block-weight=\"39\" data-block-id=\"17\">\n<p class=\" content-text__container \" data-track-category=\"Link no Texto\" data-track-links=\"\" data-mrf-recirculation=\"Recomenda\u00e7\u00e3o meio do texto\">A terceira etapa ser\u00e1 composta de teste de sufici\u00eancia f\u00edsica (de 25 de novembro a 4 de dezembro). Na quarta etapa, os candidatos passar\u00e3o por um per\u00edodo de adapta\u00e7\u00e3o e verifica\u00e7\u00e3o de documentos (de 13 a 31 de janeiro).<\/p>\n<div class=\"cropped-block\">\n<div class=\"mc-column content-text active-extra-styles \" data-block-type=\"unstyled\" data-block-weight=\"15\" data-block-id=\"19\">\n<p class=\" content-text__container \" data-track-category=\"Link no Texto\" data-track-links=\"\" data-mrf-recirculation=\"Recomenda\u00e7\u00e3o meio do texto\">A matr\u00edcula e in\u00edcio do curso acontecer\u00e3o em 3 de fevereiro do ano que vem.<\/p>\n<\/div>\n<\/div>\n<div class=\"cropped-block\">\n<div class=\"mc-column content-text active-extra-styles\" data-block-type=\"raw\" data-block-weight=\"1\" data-block-id=\"20\">\n<p class=\"content-text__container\" data-mrf-recirculation=\"Recomenda\u00e7\u00e3o meio do texto\"><strong>Remunera\u00e7\u00e3o<\/strong><\/p>\n<p>A remunera\u00e7\u00e3o paga ao Aluno de \u00d3rg\u00e3o de Forma\u00e7\u00e3o de Oficiais da Reserva da Marinha (NFROM) \u00e9 de R$ 1.574,12, sendo R$ 1.334 correspondem ao soldo, R$ 173,42 ao Adicional Militar e R$ 66,70 ao adicional de Compensa\u00e7\u00e3o de Disponibilidade, durante o per\u00edodo de forma\u00e7\u00e3o.<\/p>\n<\/div>\n<\/div>\n<div class=\"cropped-block\">\n<div class=\"mc-column content-text active-extra-styles\" data-block-type=\"raw\" data-block-weight=\"1\" data-block-id=\"22\">\n<p class=\"content-text__container\" data-mrf-recirculation=\"Recomenda\u00e7\u00e3o meio do texto\"><strong>Forma\u00e7\u00e3o<\/strong><\/p>\n<p>Na EFOMM, s\u00e3o formados oficiais em duas op\u00e7\u00f5es de curso: o de N\u00e1utica e o de M\u00e1quinas. O curso tem dois per\u00edodos e \u00e9 desenvolvido em oito semestres, assim distribu\u00eddos:<\/p>\n<\/div>\n<\/div>\n<div class=\"cropped-block\">\n<div class=\"mc-column content-text active-extra-styles \" data-block-type=\"unstyled\" data-block-weight=\"16\" data-block-id=\"24\">\n<p class=\" content-text__container \" data-track-category=\"Link no Texto\" data-track-links=\"\" data-mrf-recirculation=\"Recomenda\u00e7\u00e3o meio do texto\"><strong>Per\u00edodo acad\u00eamico<\/strong>: composto de seis semestres letivos em regime de internato, com dedica\u00e7\u00e3o exclusiva do aluno.<\/p>\n<\/div>\n<\/div>\n<div class=\"cropped-block\">\n<div class=\"mc-column content-text active-extra-styles \" data-block-type=\"unstyled\" data-block-weight=\"21\" data-block-id=\"25\">\n<p class=\" content-text__container \" data-track-category=\"Link no Texto\" data-track-links=\"\" data-mrf-recirculation=\"Recomenda\u00e7\u00e3o meio do texto\"><strong>Per\u00edodo de est\u00e1gio<\/strong>: compreendendo dois semestres embarcado para o curso de N\u00e1utica e para o curso de M\u00e1quinas, cumprindo est\u00e1gio supervisionado.<\/p>\n<\/div>\n<\/div>\n<div class=\"cropped-block\">\n<div class=\"mc-column content-text active-extra-styles \" data-block-type=\"unstyled\" data-block-weight=\"36\" data-block-id=\"26\">\n<p class=\" content-text__container \" data-track-category=\"Link no Texto\" data-track-links=\"\" data-mrf-recirculation=\"Recomenda\u00e7\u00e3o meio do texto\">Ao terminar o curso, o aluno \u00e9 declarado bacharel em Ci\u00eancias N\u00e1uticas (curso de n\u00edvel superior), e passar\u00e1 a integrar o Quadro de Oficiais da Reserva n\u00e3o remunerada da Marinha do Brasil, no posto de segundo-tenente.<\/p>\n<p data-track-category=\"Link no Texto\" data-track-links=\"\" data-mrf-recirculation=\"Recomenda\u00e7\u00e3o meio do texto\">Fonte: Jornal Extra<\/p>\n<p data-track-category=\"Link no Texto\" data-track-links=\"\" data-mrf-recirculation=\"Recomenda\u00e7\u00e3o meio do texto\">\n<\/div>\n<\/div>\n<\/div>\n<\/div>\n<\/div>\n<\/div>\n","protected":false},"excerpt":{"rendered":"<p>A\u00a0Marinha Mercante do Brasil\u00a0abriu, nesta sexta-feira (dia 10), as inscri\u00e7\u00f5es para uma sele\u00e7\u00e3o que oferece\u00a0293 vagas para candidatos de ambos os sexos, com n\u00edvel m\u00e9dio&#8230;<\/p>\n","protected":false},"author":1527,"featured_media":51289,"comment_status":"closed","ping_status":"closed","sticky":false,"template":"","format":"standard","meta":{"footnotes":""},"categories":[6],"tags":[],"class_list":["post-51286","post","type-post","status-publish","format-standard","has-post-thumbnail","hentry","category-noticias"],"_links":{"self":[{"href":"https:\/\/www.sincomam.org.br\/index.php\/wp-json\/wp\/v2\/posts\/51286","targetHints":{"allow":["GET"]}}],"collection":[{"href":"https:\/\/www.sincomam.org.br\/index.php\/wp-json\/wp\/v2\/posts"}],"about":[{"href":"https:\/\/www.sincomam.org.br\/index.php\/wp-json\/wp\/v2\/types\/post"}],"author":[{"embeddable":true,"href":"https:\/\/www.sincomam.org.br\/index.php\/wp-json\/wp\/v2\/users\/1527"}],"replies":[{"embeddable":true,"href":"https:\/\/www.sincomam.org.br\/index.php\/wp-json\/wp\/v2\/comments?post=51286"}],"version-history":[{"count":1,"href":"https:\/\/www.sincomam.org.br\/index.php\/wp-json\/wp\/v2\/posts\/51286\/revisions"}],"predecessor-version":[{"id":51290,"href":"https:\/\/www.sincomam.org.br\/index.php\/wp-json\/wp\/v2\/posts\/51286\/revisions\/51290"}],"wp:featuredmedia":[{"embeddable":true,"href":"https:\/\/www.sincomam.org.br\/index.php\/wp-json\/wp\/v2\/media\/51289"}],"wp:attachment":[{"href":"https:\/\/www.sincomam.org.br\/index.php\/wp-json\/wp\/v2\/media?parent=51286"}],"wp:term":[{"taxonomy":"category","embeddable":true,"href":"https:\/\/www.sincomam.org.br\/index.php\/wp-json\/wp\/v2\/categories?post=51286"},{"taxonomy":"post_tag","embeddable":true,"href":"https:\/\/www.sincomam.org.br\/index.php\/wp-json\/wp\/v2\/tags?post=51286"}],"curies":[{"name":"wp","href":"https:\/\/api.w.org\/{rel}","templated":true}]}}