{"id":51280,"date":"2024-05-13T07:43:36","date_gmt":"2024-05-13T10:43:36","guid":{"rendered":"http:\/\/www.sincomam.org.br\/?p=51280"},"modified":"2024-05-13T07:43:36","modified_gmt":"2024-05-13T10:43:36","slug":"brasil-unido-operacao-logistica-emergencial-leva-ajuda-para-o-rio-grande-do-sul","status":"publish","type":"post","link":"https:\/\/www.sincomam.org.br\/index.php\/brasil-unido-operacao-logistica-emergencial-leva-ajuda-para-o-rio-grande-do-sul\/","title":{"rendered":"BRASIL UNIDO: OPERA\u00c7\u00c3O LOG\u00cdSTICA EMERGENCIAL LEVA AJUDA PARA O RIO GRANDE DO SUL"},"content":{"rendered":"<p>Este s\u00e1bado (11) foi marcado por mais um dia de opera\u00e7\u00e3o log\u00edstica para levar ajuda humanit\u00e1ria ao Rio Grande do Sul. O Governo Federal, por meio do Minist\u00e9rio de Portos e Aeroportos e Defesa, e as empresas a\u00e9reas e do setor portu\u00e1rio, encaminhou seis cont\u00eaineres, totalizando 160 toneladas de doa\u00e7\u00f5es. Os mantimentos deixaram a Base A\u00e9rea de Bras\u00edlia (DF) com destino ao Porto de Rio Grande (RS).<\/p>\n<p>Importante destacar a complexidade da a\u00e7\u00e3o, visto que a carga est\u00e1 sendo inicialmente transportada para o Porto Seco Centro-Oeste, localizado em An\u00e1polis (GO). Em seguida, embarcar\u00e1 em trens pela Ferrovia Norte Sul, seguindo at\u00e9 Cubat\u00e3o, a 22 km do Porto de Santos. Dali, por via terrestre, seguir\u00e1 at\u00e9 o terminal no Guaruj\u00e1, onde ser\u00e1 embarcada em navios, rumo ao Rio Grande do Sul.<\/p>\n<p>Essa opera\u00e7\u00e3o solid\u00e1ria engloba todos os modais de transporte, demonstrando a uni\u00e3o de esfor\u00e7os entre o Governo Federal e as empresas a\u00e9reas e portu\u00e1rias, que t\u00eam contribu\u00eddo com o transporte de doa\u00e7\u00f5es com destino \u00e0 Base A\u00e9rea de Canoas (RS).<\/p>\n<p>O ministro de Portos e Aeroportos, Silvio Costa Filho, destacou a import\u00e2ncia dessa a\u00e7\u00e3o e afirmou que est\u00e3o sendo tomadas medidas para atender \u00e0s demandas emergenciais do estado.\u201dNa pr\u00f3xima segunda-feira (13), faremos uma reuni\u00e3o sobre a malha a\u00e9rea regional do estado. Apresentaremos o plano emergencial que vem para atender o interior do Estado e, ao longo da semana, vamos trazer um conjunto de a\u00e7\u00f5es\u201d, disse<\/p>\n<p>A arrecada\u00e7\u00e3o e transporte de mantimentos se repetir\u00e3o nas pr\u00f3ximas semanas, utilizando os mesmos moldes para outros portos estrat\u00e9gicos ao longo da costa brasileira, at\u00e9 que todos os necessitados sejam atendidos. Manaus, Complexo do Pec\u00e9m (CE), Complexo Industrial Portu\u00e1rio de Suape (PE) , Salvador, Rio de Janeiro, Porto de Itagua\u00ed (RJ), Santos e Imbituba (SC) est\u00e3o entre os locais que servir\u00e3o como pontos de concentra\u00e7\u00e3o para os donativos.<\/p>\n<p class=\"callout\">\u00c9 uma mobiliza\u00e7\u00e3o nacional em prol do Rio Grande do Sul, onde a uni\u00e3o e a reconstru\u00e7\u00e3o se destacam como pilares fundamentais.<\/p>\n<p>Fonte: Informativo dos Portos<\/p>\n","protected":false},"excerpt":{"rendered":"<p>Este s\u00e1bado (11) foi marcado por mais um dia de opera\u00e7\u00e3o log\u00edstica para levar ajuda humanit\u00e1ria ao Rio Grande do Sul. O Governo Federal, por&#8230;<\/p>\n","protected":false},"author":1527,"featured_media":51281,"comment_status":"closed","ping_status":"closed","sticky":false,"template":"","format":"standard","meta":{"footnotes":""},"categories":[6],"tags":[],"class_list":["post-51280","post","type-post","status-publish","format-standard","has-post-thumbnail","hentry","category-noticias"],"_links":{"self":[{"href":"https:\/\/www.sincomam.org.br\/index.php\/wp-json\/wp\/v2\/posts\/51280","targetHints":{"allow":["GET"]}}],"collection":[{"href":"https:\/\/www.sincomam.org.br\/index.php\/wp-json\/wp\/v2\/posts"}],"about":[{"href":"https:\/\/www.sincomam.org.br\/index.php\/wp-json\/wp\/v2\/types\/post"}],"author":[{"embeddable":true,"href":"https:\/\/www.sincomam.org.br\/index.php\/wp-json\/wp\/v2\/users\/1527"}],"replies":[{"embeddable":true,"href":"https:\/\/www.sincomam.org.br\/index.php\/wp-json\/wp\/v2\/comments?post=51280"}],"version-history":[{"count":1,"href":"https:\/\/www.sincomam.org.br\/index.php\/wp-json\/wp\/v2\/posts\/51280\/revisions"}],"predecessor-version":[{"id":51282,"href":"https:\/\/www.sincomam.org.br\/index.php\/wp-json\/wp\/v2\/posts\/51280\/revisions\/51282"}],"wp:featuredmedia":[{"embeddable":true,"href":"https:\/\/www.sincomam.org.br\/index.php\/wp-json\/wp\/v2\/media\/51281"}],"wp:attachment":[{"href":"https:\/\/www.sincomam.org.br\/index.php\/wp-json\/wp\/v2\/media?parent=51280"}],"wp:term":[{"taxonomy":"category","embeddable":true,"href":"https:\/\/www.sincomam.org.br\/index.php\/wp-json\/wp\/v2\/categories?post=51280"},{"taxonomy":"post_tag","embeddable":true,"href":"https:\/\/www.sincomam.org.br\/index.php\/wp-json\/wp\/v2\/tags?post=51280"}],"curies":[{"name":"wp","href":"https:\/\/api.w.org\/{rel}","templated":true}]}}