{"id":51263,"date":"2024-05-10T08:51:22","date_gmt":"2024-05-10T11:51:22","guid":{"rendered":"http:\/\/www.sincomam.org.br\/?p=51263"},"modified":"2024-05-10T08:52:46","modified_gmt":"2024-05-10T11:52:46","slug":"stf-mantem-proibicao-de-politicos-em-diretorias-de-estatais","status":"publish","type":"post","link":"https:\/\/www.sincomam.org.br\/index.php\/stf-mantem-proibicao-de-politicos-em-diretorias-de-estatais\/","title":{"rendered":"STF mant\u00e9m proibi\u00e7\u00e3o de pol\u00edticos em diretorias de estatais"},"content":{"rendered":"<p>O Supremo Tribunal Federal (STF) validou, nesta quinta-feira (9), trecho da Lei das Estatais, que pro\u00edbe indica\u00e7\u00f5es de pol\u00edticos para a diretoria de empresas p\u00fablicas.<\/p>\n<p>Com a decis\u00e3o, as indica\u00e7\u00f5es de pol\u00edticos para estatais est\u00e3o vetadas. Contudo, pol\u00edticos que assumiram cargos nas empresas p\u00fablicas durante a vig\u00eancia de liminar proferida em mar\u00e7o do ano passado pelo ent\u00e3o ministro do STF Ricardo Lewandowski, que flexibilizou a norma, poder\u00e3o permanecer nos cargos.<\/p>\n<p>Por 8 votos a 3, a Corte decidiu derrubar a liminar de Lewandowski. Na sess\u00e3o de quarta-feira (8), os ministros j\u00e1 tinham encaminhado cinco votos favor\u00e1veis pela valida\u00e7\u00e3o da lei. Na sess\u00e3o da tarde desta quinta-feira, o plen\u00e1rio concluiu o julgamento.<\/p>\n<p>Antes de se aposentar e deixar a Corte, Lewandowski atendeu ao pedido liminar do PCdoB e suspendeu o trecho da norma que impedia ministros de Estado e secret\u00e1rios estaduais e municipais de atuarem nas diretorias e nos conselhos de administra\u00e7\u00e3o de estatais.<\/p>\n<p>A liminar, no entanto, manteve a proibi\u00e7\u00e3o de indica\u00e7\u00e3o de pessoas que ainda participam da estrutura decis\u00f3ria de partidos ou que t\u00eam trabalho vinculado \u00e0s legendas e \u00e0s campanhas pol\u00edticas. O per\u00edodo de 36 meses de quarentena para ingresso nas empresas p\u00fablicas tamb\u00e9m foi suspenso pelo ex-ministro.<\/p>\n<p>Diante da decis\u00e3o do plen\u00e1rio, todas as restri\u00e7\u00f5es suspensas pela liminar de Lewandowski voltam a valer.<\/p>\n<p>No entanto, pelo entendimento da maioria dos ministros do STF, as indica\u00e7\u00f5es feitas durante a liminar do ministro n\u00e3o podem ser consideradas ilegais por estarem amparadas na decis\u00e3o.<\/p>\n<p>Fonte: Ag\u00eancia Brasil<\/p>\n","protected":false},"excerpt":{"rendered":"<p>O Supremo Tribunal Federal (STF) validou, nesta quinta-feira (9), trecho da Lei das Estatais, que pro\u00edbe indica\u00e7\u00f5es de pol\u00edticos para a diretoria de empresas p\u00fablicas&#8230;.<\/p>\n","protected":false},"author":1527,"featured_media":51265,"comment_status":"closed","ping_status":"closed","sticky":false,"template":"","format":"standard","meta":{"footnotes":""},"categories":[6],"tags":[],"class_list":["post-51263","post","type-post","status-publish","format-standard","has-post-thumbnail","hentry","category-noticias"],"_links":{"self":[{"href":"https:\/\/www.sincomam.org.br\/index.php\/wp-json\/wp\/v2\/posts\/51263","targetHints":{"allow":["GET"]}}],"collection":[{"href":"https:\/\/www.sincomam.org.br\/index.php\/wp-json\/wp\/v2\/posts"}],"about":[{"href":"https:\/\/www.sincomam.org.br\/index.php\/wp-json\/wp\/v2\/types\/post"}],"author":[{"embeddable":true,"href":"https:\/\/www.sincomam.org.br\/index.php\/wp-json\/wp\/v2\/users\/1527"}],"replies":[{"embeddable":true,"href":"https:\/\/www.sincomam.org.br\/index.php\/wp-json\/wp\/v2\/comments?post=51263"}],"version-history":[{"count":1,"href":"https:\/\/www.sincomam.org.br\/index.php\/wp-json\/wp\/v2\/posts\/51263\/revisions"}],"predecessor-version":[{"id":51266,"href":"https:\/\/www.sincomam.org.br\/index.php\/wp-json\/wp\/v2\/posts\/51263\/revisions\/51266"}],"wp:featuredmedia":[{"embeddable":true,"href":"https:\/\/www.sincomam.org.br\/index.php\/wp-json\/wp\/v2\/media\/51265"}],"wp:attachment":[{"href":"https:\/\/www.sincomam.org.br\/index.php\/wp-json\/wp\/v2\/media?parent=51263"}],"wp:term":[{"taxonomy":"category","embeddable":true,"href":"https:\/\/www.sincomam.org.br\/index.php\/wp-json\/wp\/v2\/categories?post=51263"},{"taxonomy":"post_tag","embeddable":true,"href":"https:\/\/www.sincomam.org.br\/index.php\/wp-json\/wp\/v2\/tags?post=51263"}],"curies":[{"name":"wp","href":"https:\/\/api.w.org\/{rel}","templated":true}]}}