{"id":51260,"date":"2024-05-10T08:40:11","date_gmt":"2024-05-10T11:40:11","guid":{"rendered":"http:\/\/www.sincomam.org.br\/?p=51260"},"modified":"2024-05-10T08:40:11","modified_gmt":"2024-05-10T11:40:11","slug":"trabalhadores-argentinos-fazem-greve-contra-reformas-de-milei","status":"publish","type":"post","link":"https:\/\/www.sincomam.org.br\/index.php\/trabalhadores-argentinos-fazem-greve-contra-reformas-de-milei\/","title":{"rendered":"Trabalhadores argentinos fazem greve contra reformas de Milei"},"content":{"rendered":"<p>Os sindicatos argentinos iniciaram uma greve geral nesta quinta-feira (9) contra as medidas de austeridade e as reformas planejadas pelo presidente Javier Milei, cuja redu\u00e7\u00e3o de custos estabilizou os mercados locais, mas prejudicou a economia real.<\/p>\n<p>A maioria dos sindicatos aderiu \u00e0 paralisa\u00e7\u00e3o por 24 horas, incluindo transporte p\u00fablico, o importante setor de gr\u00e3os, supermercados, aeroportos e bancos.<\/p>\n<p>Milei ganhou a elei\u00e7\u00e3o de forma surpreendente no ano passado, prometendo consertar com uma &#8220;motosserra&#8221; uma crise econ\u00f4mica que se desenvolveu durante os governos anteriores, levando ao esgotamento das reservas e \u00e0 infla\u00e7\u00e3o de tr\u00eas d\u00edgitos.<\/p>\n<p>Muitos na Argentina ainda apoiam seus planos depois de tantos anos de turbul\u00eancia. No entanto, sua postura pr\u00f3-mercado e seu duro rem\u00e9dio de austeridade afetaram os sal\u00e1rios reais das pessoas, elevaram os j\u00e1 altos n\u00edveis de pobreza e fizeram a atividade econ\u00f4mica afundar no in\u00edcio do ano.<\/p>\n<p>Hugo Yasky, secret\u00e1rio-geral da Central de Trabajadores e Trabajadoras de la Argentina (CTA), postou no X que a greve era contra &#8220;um governo que s\u00f3 beneficia os ricos \u00e0s custas do povo, doa recursos naturais e busca eliminar os direitos dos trabalhadores&#8221;.<\/p>\n<p>A a\u00e7\u00e3o \u00e9 um teste para Milei. O governo est\u00e1 tentando aprovar um amplo pacote de reformas, incluindo reformas trabalhistas que causam divis\u00e3o, no Senado, depois de obter aprova\u00e7\u00e3o na C\u00e2mara dos Deputados, apesar de ter apenas uma minoria no Congresso.<\/p>\n<p>A greve resultou em voos suspensos, portos paralisados e escolas e universidades com funcionamento m\u00ednimo. Os mercados ter\u00e3o atividade reduzida nesta quinta-feira, j\u00e1 que os bancos permanecer\u00e3o fechados porque seus funcion\u00e1rios est\u00e3o em greve.<\/p>\n<p>&#8220;\u00c9 uma greve que n\u00e3o tem motivo ou justificativa aparente&#8221;, disse o porta-voz da presid\u00eancia, Manuel Adorni, em uma coletiva de imprensa um dia antes da paralisa\u00e7\u00e3o, acrescentando que cerca de sete milh\u00f5es de pessoas ser\u00e3o afetadas pela falta de transporte.<\/p>\n<p>Fonte: Terra<\/p>\n","protected":false},"excerpt":{"rendered":"<p>Os sindicatos argentinos iniciaram uma greve geral nesta quinta-feira (9) contra as medidas de austeridade e as reformas planejadas pelo presidente Javier Milei, cuja redu\u00e7\u00e3o&#8230;<\/p>\n","protected":false},"author":1527,"featured_media":51261,"comment_status":"closed","ping_status":"closed","sticky":false,"template":"","format":"standard","meta":{"footnotes":""},"categories":[6],"tags":[],"class_list":["post-51260","post","type-post","status-publish","format-standard","has-post-thumbnail","hentry","category-noticias"],"_links":{"self":[{"href":"https:\/\/www.sincomam.org.br\/index.php\/wp-json\/wp\/v2\/posts\/51260","targetHints":{"allow":["GET"]}}],"collection":[{"href":"https:\/\/www.sincomam.org.br\/index.php\/wp-json\/wp\/v2\/posts"}],"about":[{"href":"https:\/\/www.sincomam.org.br\/index.php\/wp-json\/wp\/v2\/types\/post"}],"author":[{"embeddable":true,"href":"https:\/\/www.sincomam.org.br\/index.php\/wp-json\/wp\/v2\/users\/1527"}],"replies":[{"embeddable":true,"href":"https:\/\/www.sincomam.org.br\/index.php\/wp-json\/wp\/v2\/comments?post=51260"}],"version-history":[{"count":1,"href":"https:\/\/www.sincomam.org.br\/index.php\/wp-json\/wp\/v2\/posts\/51260\/revisions"}],"predecessor-version":[{"id":51262,"href":"https:\/\/www.sincomam.org.br\/index.php\/wp-json\/wp\/v2\/posts\/51260\/revisions\/51262"}],"wp:featuredmedia":[{"embeddable":true,"href":"https:\/\/www.sincomam.org.br\/index.php\/wp-json\/wp\/v2\/media\/51261"}],"wp:attachment":[{"href":"https:\/\/www.sincomam.org.br\/index.php\/wp-json\/wp\/v2\/media?parent=51260"}],"wp:term":[{"taxonomy":"category","embeddable":true,"href":"https:\/\/www.sincomam.org.br\/index.php\/wp-json\/wp\/v2\/categories?post=51260"},{"taxonomy":"post_tag","embeddable":true,"href":"https:\/\/www.sincomam.org.br\/index.php\/wp-json\/wp\/v2\/tags?post=51260"}],"curies":[{"name":"wp","href":"https:\/\/api.w.org\/{rel}","templated":true}]}}