{"id":51258,"date":"2024-05-10T08:37:46","date_gmt":"2024-05-10T11:37:46","guid":{"rendered":"http:\/\/www.sincomam.org.br\/?p=51258"},"modified":"2024-05-10T08:49:42","modified_gmt":"2024-05-10T11:49:42","slug":"imposto-de-renda-2024-prazo-para-tentar-receber-a-restituicao-no-1o-lote-acaba-nesta-sexta-feira","status":"publish","type":"post","link":"https:\/\/www.sincomam.org.br\/index.php\/imposto-de-renda-2024-prazo-para-tentar-receber-a-restituicao-no-1o-lote-acaba-nesta-sexta-feira\/","title":{"rendered":"Imposto de Renda 2024: prazo para tentar receber a restitui\u00e7\u00e3o no 1\u00ba lote acaba nesta sexta-feira"},"content":{"rendered":"<div id=\"chunk-4nn17\">\n<div class=\"mc-column content-text active-extra-styles \" data-block-type=\"unstyled\" data-block-weight=\"43\" data-block-id=\"2\">\n<p class=\" content-text__container \" data-track-category=\"Link no Texto\" data-track-links=\"\" data-mrf-recirculation=\"Article links\">Os contribuintes que querem receber a restitui\u00e7\u00e3o do<strong>\u00a0<\/strong>Imposto de Renda 2024 j\u00e1 no 1\u00ba lote devem enviar a declara\u00e7\u00e3o \u00e0\u00a0Receita Federal\u00a0at\u00e9 as 23h59 desta sexta-feira (10). Segundo o \u00f3rg\u00e3o, essa \u00e9 a data de processamento da primeira leva de pagamentos.<\/p>\n<\/div>\n<\/div>\n<div class=\"wall protected-content\">\n<div id=\"chunk-dn6b9\">\n<div class=\"mc-column content-text active-extra-styles \" data-block-type=\"unstyled\" data-block-weight=\"24\" data-block-id=\"4\">\n<p class=\" content-text__container \" data-track-category=\"Link no Texto\" data-track-links=\"\" data-mrf-recirculation=\"Article links\">A Receita informou que j\u00e1 recebeu mais de 22 milh\u00f5es de declara\u00e7\u00f5es, sendo que cerca de 16 milh\u00f5es (71,9%) t\u00eam direito \u00e0 restitui\u00e7\u00e3o.<\/p>\n<\/div>\n<\/div>\n<div id=\"chunk-3r393\">\n<div class=\"mc-column content-text active-extra-styles \" data-block-type=\"unstyled\" data-block-weight=\"27\" data-block-id=\"5\">\n<p class=\" content-text__container \" data-track-category=\"Link no Texto\" data-track-links=\"\" data-mrf-recirculation=\"Article links\">Vale ressaltar que\u00a0<span class=\"highlight highlighted\">o envio dentro do prazo n\u00e3o \u00e9 garantia de recebimento no 1\u00ba lote.<\/span>\u00a0O pagamento ser\u00e1 feito pela ordem de contribuintes priorit\u00e1rios. S\u00e3o eles:<\/p>\n<\/div>\n<\/div>\n<div id=\"chunk-dm8or\">\n<div class=\"mc-column content-text active-extra-styles\" data-block-type=\"raw\" data-block-weight=\"30\" data-block-id=\"6\">\n<ul class=\"content-unordered-list\" data-mrf-recirculation=\"Recomendado\">\n<li>idosos acima de 80 anos;<\/li>\n<li>idosos entre 60 e 79 anos;<\/li>\n<li>contribuintes com alguma defici\u00eancia f\u00edsica ou mental ou mol\u00e9stia grave;<\/li>\n<li>contribuintes cuja maior fonte de renda seja o magist\u00e9rio.<\/li>\n<\/ul>\n<p>Esta sexta-feira tamb\u00e9m \u00e9 crucial para quem paga o imposto. Segundo o \u00f3rg\u00e3o, esse \u00e9 o \u00faltimo dia para aqueles que <span class=\"highlight highlighted\">querem optar pelo d\u00e9bito autom\u00e1tico<\/span>, seja para pagamento da primeira cota do parcelamento ou para o valor total \u00e0 vista.<\/p>\n<\/div>\n<\/div>\n<div id=\"chunk-enlvm\">\n<div class=\"content-ads content-ads--reveal\" data-block-type=\"ads\" data-block-id=\"7\">\n<div id=\"banner_materia2\" class=\"tag-manager-publicidade-container mc-has-reveal mc-has-ad-lazyload tag-manager-publicidade-banner_materia2 tag-manager-publicidade-container--carregado tag-manager-publicidade-container--visivel\" data-id=\"banner_materia2\" data-google-query-id=\"CLKKpYn_goYDFTNOuAQdLzIPBw\">\n<div id=\"chunk-ctilo\">\n<div class=\"mc-column content-text active-extra-styles \" data-block-type=\"unstyled\" data-block-weight=\"34\" data-block-id=\"9\">\n<p class=\" content-text__container \" data-track-category=\"Link no Texto\" data-track-links=\"\" data-mrf-recirculation=\"Article links\">Os pagamentos das restitui\u00e7\u00f5es do IR 2024 come\u00e7ar\u00e3o em 31 de maio e ser\u00e3o feitos em cinco lotes, segundo informa\u00e7\u00f5es da Receita. O prazo para entrega das declara\u00e7\u00f5es come\u00e7ou no dia 15 de mar\u00e7o.<\/p>\n<\/div>\n<\/div>\n<div id=\"chunk-293hu\">\n<div class=\"row medium-uncollapsed content-media content-photo\" data-block-type=\"backstage-photo\" data-block-id=\"10\">\n<div class=\" mc-column content-media__container\">\n<div class=\"content-media-container glb-skeleton-box\">\n<div id=\"chunk-8dnl6\">\n<div class=\"mc-column content-text active-extra-styles \" data-block-type=\"unstyled\" data-block-weight=\"5\" data-block-id=\"11\">\n<p class=\" content-text__container \" data-track-category=\"Link no Texto\" data-track-links=\"\" data-mrf-recirculation=\"Article links\"><strong>Veja as datas dos pagamentos:<\/strong><\/p>\n<\/div>\n<\/div>\n<div id=\"chunk-6i2ik\">\n<div class=\"mc-column content-text active-extra-styles\" data-block-type=\"raw\" data-block-weight=\"25\" data-block-id=\"12\">\n<ul class=\"content-unordered-list\" data-mrf-recirculation=\"Recomendado\">\n<li><strong>1\u00ba lote<\/strong>: 31 de maio<\/li>\n<li><strong>2\u00ba lote:<\/strong>\u00a028 de junho<\/li>\n<li><strong>3\u00ba lote<\/strong>: 31 de julho<\/li>\n<li><strong>4\u00ba lote<\/strong>: 30 de agosto<\/li>\n<li><strong>5\u00ba lote<\/strong>: 30 de setembro<\/li>\n<\/ul>\n<div id=\"chunk-5ib0f\">\n<div class=\"mc-column content-text active-extra-styles\" data-block-type=\"raw\" data-block-weight=\"3\" data-block-id=\"14\">\n<div class=\"content-intertitle\">\n<h2>Quem recebe primeiro?<\/h2>\n<\/div>\n<p>Os contribuintes que t\u00eam prioridade legal no recebimento da restitui\u00e7\u00e3o, come\u00e7ando pelos idosos acima de 80 anos, seguido pelos idosos entre 60 e 79 anos, contribuintes com alguma defici\u00eancia f\u00edsica ou mental ou mol\u00e9stia grave e aqueles cuja maior fonte de renda seja o magist\u00e9rio.<\/p>\n<\/div>\n<\/div>\n<div id=\"chunk-fug8n\">\n<div class=\"mc-column content-text active-extra-styles \" data-block-type=\"unstyled\" data-block-weight=\"28\" data-block-id=\"16\">\n<p class=\" content-text__container \" data-track-category=\"Link no Texto\" data-track-links=\"\" data-mrf-recirculation=\"Article links\">Em seguida, v\u00eam os pagamentos para contribuintes que\u00a0adotarem o modelo pr\u00e9-preenchido, ou que optarem por receber a restitui\u00e7\u00e3o via PIX\u00a0(sistema de transfer\u00eancias em tempo real).<\/p>\n<\/div>\n<\/div>\n<div id=\"chunk-cl8if\">\n<div class=\"mc-column content-text active-extra-styles \" data-block-type=\"unstyled\" data-block-weight=\"53\" data-block-id=\"17\">\n<p class=\" content-text__container \" data-track-category=\"Link no Texto\" data-track-links=\"\" data-mrf-recirculation=\"Article links\">A partir da\u00ed, segundo as regras da Receita, a prioridade do pagamento acontece pela data de entrega da declara\u00e7\u00e3o do Imposto de Renda \u2014 ou seja, quanto mais cedo o documento for enviado ao Fisco, maior a chance de o contribuinte receber um eventual valor de imposto a restituir j\u00e1 nos primeiros lotes.<\/p>\n<div id=\"chunk-as46p\">\n<div class=\"mc-column content-text active-extra-styles\" data-block-type=\"raw\" data-block-weight=\"6\" data-block-id=\"21\">\n<div class=\"content-intertitle\">\n<h2><strong>Veja quem \u00e9 obrigado a declarar:<\/strong><\/h2>\n<\/div>\n<\/div>\n<\/div>\n<div id=\"chunk-70mt6\">\n<div class=\"mc-column content-text active-extra-styles\" data-block-type=\"raw\" data-block-weight=\"257\" data-block-id=\"22\">\n<ul class=\"content-unordered-list\" data-mrf-recirculation=\"Recomendado\">\n<li><span class=\"highlight highlighted\">quem recebeu rendimentos tribut\u00e1veis acima de R$ 30.639,90 em 2023<\/span>. O valor \u00e9 um pouco maior do que o da declara\u00e7\u00e3o do IR do ano passado (R$ 28.559,70) por conta da amplia\u00e7\u00e3o da faixa de isen\u00e7\u00e3o desde maio do ano passado;<\/li>\n<li>contribuintes que receberam rendimentos isentos, n\u00e3o-tribut\u00e1veis ou tributados exclusivamente na fonte,\u00a0<span class=\"highlight highlighted\">cuja soma tenha sido superior a R$ 200 mil no ano passado<\/span>;<\/li>\n<li>quem obteve, em qualquer m\u00eas de 2023,\u00a0ganho de capital\u00a0na aliena\u00e7\u00e3o de bens ou direitos, sujeito \u00e0 incid\u00eancia do imposto, ou realizou opera\u00e7\u00f5es em bolsas de valores, de mercadorias, de futuros e assemelhadas\u00a0<span class=\"highlight highlighted\">cuja soma foi superior a R$ 40 mil<\/span>, ou com apura\u00e7\u00e3o de ganhos l\u00edquidos sujeitas \u00e0 incid\u00eancia do imposto;<\/li>\n<li>quem teve isen\u00e7\u00e3o de imposto sobre o ganho de capital\u00a0na venda de im\u00f3veis residenciais,\u00a0<span class=\"highlight highlighted\">seguido de aquisi\u00e7\u00e3o de outro im\u00f3vel residencial no prazo de 180 dias<\/span>;<\/li>\n<li>quem teve, em 2023, receita bruta em valor\u00a0superior a R$ 153.199,50 em atividade rural\u00a0(contra R$ R$ 142.798,50 em 2022);<\/li>\n<li>quem tinha, at\u00e9 31 de dezembro de 2023,\u00a0<span class=\"highlight highlighted\">a posse ou a propriedade de bens ou direitos, inclusive terra nua, de valor total superior a R$ 800 mil\u00a0<\/span>(contra R$ 300 mil em 2022);<\/li>\n<li>quem passou para a condi\u00e7\u00e3o de\u00a0residente no Brasil\u00a0em qualquer m\u00eas e se encontrava nessa condi\u00e7\u00e3o at\u00e9 31 de dezembro de 2023;<\/li>\n<li>quem optou por\u00a0declarar os bens, direitos e obriga\u00e7\u00f5es\u00a0detidos pela entidade controlada, direta ou indireta,\u00a0no exterior\u00a0como se fossem detidos diretamente pela pessoa f\u00edsica;<\/li>\n<li>Possui\u00a0trust no exterior;<\/li>\n<li>Deseja\u00a0atualizar bens no exterior.<\/li>\n<\/ul>\n<p>Fonte: G1<\/p>\n<\/div>\n<\/div>\n<\/div>\n<\/div>\n<\/div>\n<\/div>\n<\/div>\n<\/div>\n<\/div>\n<\/div>\n<\/div>\n<\/div>\n<\/div>\n<\/div>\n","protected":false},"excerpt":{"rendered":"<p>Os contribuintes que querem receber a restitui\u00e7\u00e3o do\u00a0Imposto de Renda 2024 j\u00e1 no 1\u00ba lote devem enviar a declara\u00e7\u00e3o \u00e0\u00a0Receita Federal\u00a0at\u00e9 as 23h59 desta sexta-feira&#8230;<\/p>\n","protected":false},"author":1527,"featured_media":44639,"comment_status":"closed","ping_status":"closed","sticky":false,"template":"","format":"standard","meta":{"footnotes":""},"categories":[6],"tags":[],"class_list":["post-51258","post","type-post","status-publish","format-standard","has-post-thumbnail","hentry","category-noticias"],"_links":{"self":[{"href":"https:\/\/www.sincomam.org.br\/index.php\/wp-json\/wp\/v2\/posts\/51258","targetHints":{"allow":["GET"]}}],"collection":[{"href":"https:\/\/www.sincomam.org.br\/index.php\/wp-json\/wp\/v2\/posts"}],"about":[{"href":"https:\/\/www.sincomam.org.br\/index.php\/wp-json\/wp\/v2\/types\/post"}],"author":[{"embeddable":true,"href":"https:\/\/www.sincomam.org.br\/index.php\/wp-json\/wp\/v2\/users\/1527"}],"replies":[{"embeddable":true,"href":"https:\/\/www.sincomam.org.br\/index.php\/wp-json\/wp\/v2\/comments?post=51258"}],"version-history":[{"count":2,"href":"https:\/\/www.sincomam.org.br\/index.php\/wp-json\/wp\/v2\/posts\/51258\/revisions"}],"predecessor-version":[{"id":51264,"href":"https:\/\/www.sincomam.org.br\/index.php\/wp-json\/wp\/v2\/posts\/51258\/revisions\/51264"}],"wp:featuredmedia":[{"embeddable":true,"href":"https:\/\/www.sincomam.org.br\/index.php\/wp-json\/wp\/v2\/media\/44639"}],"wp:attachment":[{"href":"https:\/\/www.sincomam.org.br\/index.php\/wp-json\/wp\/v2\/media?parent=51258"}],"wp:term":[{"taxonomy":"category","embeddable":true,"href":"https:\/\/www.sincomam.org.br\/index.php\/wp-json\/wp\/v2\/categories?post=51258"},{"taxonomy":"post_tag","embeddable":true,"href":"https:\/\/www.sincomam.org.br\/index.php\/wp-json\/wp\/v2\/tags?post=51258"}],"curies":[{"name":"wp","href":"https:\/\/api.w.org\/{rel}","templated":true}]}}