{"id":5125,"date":"2014-04-28T08:19:37","date_gmt":"2014-04-28T11:19:37","guid":{"rendered":"http:\/\/www.sincomam.org.br\/?p=5125"},"modified":"2014-04-25T19:03:50","modified_gmt":"2014-04-25T22:03:50","slug":"dobra-o-numero-de-visitantes-em-suape","status":"publish","type":"post","link":"https:\/\/www.sincomam.org.br\/index.php\/dobra-o-numero-de-visitantes-em-suape\/","title":{"rendered":"Dobra o n\u00famero de visitantes em Suape"},"content":{"rendered":"<p>Nos \u00faltimos meses, o interesse em conhecer as instala\u00e7\u00f5es do Complexo Industrial Portu\u00e1rio de Suape tem crescido entre empres\u00e1rios, executivos, autoridades, estudantes, turistas e p\u00fablico em geral. S\u00f3 no primeiro trimestre deste ano, o total de visitantes dobrou, atingindo 2.537 visitantes ante os 1.240 visitantes de janeiro a mar\u00e7o de 2013. O maior n\u00famero foi de estudantes e professores das institui\u00e7\u00f5es p\u00fablicas e privadas de ensino, que somaram 99% dos interessados. Em 2013, eles compunham 94% do total.<\/p>\n<p>O aumento entre os estudantes, que corresponde a 115%, foi puxado principalmente pelo projeto Horizonte Profissional, voltado aos alunos das escolas estaduais de refer\u00eancia em ensino m\u00e9dio e t\u00e9cnicas, que est\u00e1 na quarta edi\u00e7\u00e3o e prev\u00ea receber mais de 12 mil estudantes em 2014. Para agendar uma visita, os interessados podem ligar para o telefone (81) 3527.5068 ou enviar um e-mail para visita@suape.pe.gov.br.<\/p>\n<p>Al\u00e9m desse p\u00fablico, Suape recebeu, no primeiro trimestre, cinco autoridades diplom\u00e1ticas e uma comitiva internacional. Tamb\u00e9m recepcionou representantes de prefeituras, governos estaduais e empresas multinacionais. <\/p>\n<p>Em janeiro, o embaixador do Ir\u00e3, Mohammad Ali Gahanezadeh, e o da Fran\u00e7a, Antoine Chery, fizeram uma visita de cortesia a Suape. No m\u00eas de mar\u00e7o, foi a vez do presidente do Conselho Federal da Alemanha, Stephan Weil, vir a Suape acompanhado de uma comitiva de 40 pessoas, entre executivos de empresas alem\u00e3s, empres\u00e1rios, autoridades e jornalistas. Ainda visitaram Suape o c\u00f4nsul da Argentina, Jaime Beserman, e o vice-c\u00f4nsul do Canad\u00e1, Collen Sutton. Em abril, foi a vez da presidente do Porto de Lisboa, Marina Ferreira.<\/p>\n<p>Fonte: Ascom Porto de Suape<\/p>\n","protected":false},"excerpt":{"rendered":"<p>Nos \u00faltimos meses, o interesse em conhecer as instala\u00e7\u00f5es do Complexo Industrial Portu\u00e1rio de Suape tem crescido entre empres\u00e1rios, executivos, autoridades, estudantes, turistas e p\u00fablico&#8230;<\/p>\n","protected":false},"author":1182,"featured_media":0,"comment_status":"closed","ping_status":"closed","sticky":false,"template":"","format":"standard","meta":{"footnotes":""},"categories":[6],"tags":[129,505,1026,614,1027],"class_list":["post-5125","post","type-post","status-publish","format-standard","hentry","category-noticias","tag-complexo","tag-industrial","tag-portuario","tag-suape","tag-visitantes"],"_links":{"self":[{"href":"https:\/\/www.sincomam.org.br\/index.php\/wp-json\/wp\/v2\/posts\/5125","targetHints":{"allow":["GET"]}}],"collection":[{"href":"https:\/\/www.sincomam.org.br\/index.php\/wp-json\/wp\/v2\/posts"}],"about":[{"href":"https:\/\/www.sincomam.org.br\/index.php\/wp-json\/wp\/v2\/types\/post"}],"author":[{"embeddable":true,"href":"https:\/\/www.sincomam.org.br\/index.php\/wp-json\/wp\/v2\/users\/1182"}],"replies":[{"embeddable":true,"href":"https:\/\/www.sincomam.org.br\/index.php\/wp-json\/wp\/v2\/comments?post=5125"}],"version-history":[{"count":1,"href":"https:\/\/www.sincomam.org.br\/index.php\/wp-json\/wp\/v2\/posts\/5125\/revisions"}],"predecessor-version":[{"id":5126,"href":"https:\/\/www.sincomam.org.br\/index.php\/wp-json\/wp\/v2\/posts\/5125\/revisions\/5126"}],"wp:attachment":[{"href":"https:\/\/www.sincomam.org.br\/index.php\/wp-json\/wp\/v2\/media?parent=5125"}],"wp:term":[{"taxonomy":"category","embeddable":true,"href":"https:\/\/www.sincomam.org.br\/index.php\/wp-json\/wp\/v2\/categories?post=5125"},{"taxonomy":"post_tag","embeddable":true,"href":"https:\/\/www.sincomam.org.br\/index.php\/wp-json\/wp\/v2\/tags?post=5125"}],"curies":[{"name":"wp","href":"https:\/\/api.w.org\/{rel}","templated":true}]}}