{"id":51224,"date":"2024-05-08T09:28:53","date_gmt":"2024-05-08T12:28:53","guid":{"rendered":"http:\/\/www.sincomam.org.br\/?p=51224"},"modified":"2024-05-08T09:28:53","modified_gmt":"2024-05-08T12:28:53","slug":"marinha-envia-reforcos-do-rio-de-janeiro-para-o-rio-grande-do-sul","status":"publish","type":"post","link":"https:\/\/www.sincomam.org.br\/index.php\/marinha-envia-reforcos-do-rio-de-janeiro-para-o-rio-grande-do-sul\/","title":{"rendered":"Marinha envia refor\u00e7os do Rio de Janeiro para o Rio Grande do Sul"},"content":{"rendered":"<p class=\"text-align-justify\">a Marinha do Brasil (MB) enviou um navio com donativos, um hospital de campanha, al\u00e9m de Fuzileiros Navais, sediados no Rio de Janeiro, para apoiar os trabalhos de assist\u00eancia \u00e0s v\u00edtimas das fortes chuvas que atingiram o Rio Grande do Sul.<\/p>\n<p class=\"text-align-justify\">Da Base A\u00e9rea do Gale\u00e3o (RJ), os primeiros militares do Grupamento Operativo de Fuzileiros Navais em Apoio \u00e0 Defesa Civil, ativado ontem (6), al\u00e9m de 18 profissionais de sa\u00fade da Unidade M\u00e9dica Expedicion\u00e1ria da Marinha, deixaram o Rio de Janeiro, em uma aeronave KC-390 da For\u00e7a A\u00e9rea Brasileira (FAB), rumo a Canoas (RS). No voo, os Fuzileiros Navais levaram, tamb\u00e9m, um Hospital de Campanha, com capacidade de operar at\u00e9 40 leitos.<\/p>\n<p class=\"text-align-justify\">Outra fra\u00e7\u00e3o do Grupamento, com suas equipes multidisciplinares, partir\u00e1 amanh\u00e3 (9) a bordo do Navio Aer\u00f3dromo Multiprop\u00f3sito \u201cAtl\u00e2ntico\u201d, que deixar\u00e1 o Rio de Janeiro rumo a Rio Grande (RS), levando mais equipamentos, maquin\u00e1rios e materiais que ser\u00e3o utilizados no apoio humanit\u00e1rio \u00e0 popula\u00e7\u00e3o ga\u00facha. Ao todo, o contingente do Grupamento conta com 300 militares, 50 viaturas e 31 embarca\u00e7\u00f5es que atuar\u00e3o na desobstru\u00e7\u00e3o de vias, resgate de pessoas isoladas, transporte e distribui\u00e7\u00e3o de alimentos, \u00e1gua e material de limpeza.<\/p>\n<p class=\"text-align-justify\">Na partida para Canoas, o Comandante do Grupamento Operativo de Fuzileiros Navais em Apoio \u00e0 Defesa Civil, Capit\u00e3o de Mar e Guerra (Fuzileiro Naval) Dirlei Donizete C\u00f4do, elencou as prioridades da tropa. \u201cA principal atividade, ao chegarmos, \u00e9 salvar pessoas. Temos a informa\u00e7\u00e3o de que ainda h\u00e1 pessoas ilhadas e isoladas, precisando de medicamentos, alimentos e \u00e1gua pot\u00e1vel. Vamos buscar orienta\u00e7\u00f5es junto ao Comando do 5\u00ba Distrito Naval e ao Comando Conjunto para atuarmos. Empregaremos todo nosso esfor\u00e7o e trabalharemos 24 horas por dia nos sete dias da semana\u201d, assegurou.<\/p>\n<h5 class=\"text-align-justify\">Pelo mar<\/h5>\n<p class=\"text-align-justify\">Da Base Naval do Rio de Janeiro, em Niter\u00f3i (RJ), partiu o Navio-Patrulha Oce\u00e2nico (NPaOc) \u201cAmazonas\u201d transportando mais tr\u00eas embarca\u00e7\u00f5es de resgate, 15 mil litros de \u00e1gua, 30 toneladas de alimentos, al\u00e9m de roupas, agasalhos, cobertores e outros itens de uso pessoal para os sobreviventes da cat\u00e1strofe natural. A previs\u00e3o \u00e9 que o navio chegue ao Rio Grande do Sul na sexta-feira (10).<\/p>\n<p class=\"text-align-justify\">O Capit\u00e3o de Fragata Thomas Borges Fr\u00f6hlich, Comandante do Navio-Patrulha Oce\u00e2nico \u201cAmazonas\u201d, reafirmou o compromisso da MB com a miss\u00e3o de socorro. &#8220;Estamos cientes da urg\u00eancia da situa\u00e7\u00e3o e prontos para oferecer todo o apoio necess\u00e1rio. Nosso objetivo \u00e9 garantir que os recursos e assist\u00eancia cheguem o mais r\u00e1pido poss\u00edvel \u00e0s \u00e1reas mais necessitadas&#8221;, declarou.<\/p>\n<p class=\"text-align-justify\">O envio do NPaOc \u201cAmazonas\u201d e do Grupamento Operativo de Fuzileiros Navais em Apoio \u00e0 Defesa Civil refor\u00e7a as unidades do Comando do 5\u00ba Distrito Naval, sediado em Rio Grande (RS), que j\u00e1 atuam nas regi\u00f5es afetadas, desde a \u00faltima sexta-feira (3), integrando a Opera\u00e7\u00e3o \u201cTaquari II\u201d, coordenada pelo Comando Conjunto Sul.<\/p>\n<p>Fonte: Ag\u00eancia Marinha de Not\u00edcias<\/p>\n","protected":false},"excerpt":{"rendered":"<p>a Marinha do Brasil (MB) enviou um navio com donativos, um hospital de campanha, al\u00e9m de Fuzileiros Navais, sediados no Rio de Janeiro, para apoiar&#8230;<\/p>\n","protected":false},"author":1527,"featured_media":51225,"comment_status":"closed","ping_status":"closed","sticky":false,"template":"","format":"standard","meta":{"footnotes":""},"categories":[6],"tags":[],"class_list":["post-51224","post","type-post","status-publish","format-standard","has-post-thumbnail","hentry","category-noticias"],"_links":{"self":[{"href":"https:\/\/www.sincomam.org.br\/index.php\/wp-json\/wp\/v2\/posts\/51224","targetHints":{"allow":["GET"]}}],"collection":[{"href":"https:\/\/www.sincomam.org.br\/index.php\/wp-json\/wp\/v2\/posts"}],"about":[{"href":"https:\/\/www.sincomam.org.br\/index.php\/wp-json\/wp\/v2\/types\/post"}],"author":[{"embeddable":true,"href":"https:\/\/www.sincomam.org.br\/index.php\/wp-json\/wp\/v2\/users\/1527"}],"replies":[{"embeddable":true,"href":"https:\/\/www.sincomam.org.br\/index.php\/wp-json\/wp\/v2\/comments?post=51224"}],"version-history":[{"count":1,"href":"https:\/\/www.sincomam.org.br\/index.php\/wp-json\/wp\/v2\/posts\/51224\/revisions"}],"predecessor-version":[{"id":51226,"href":"https:\/\/www.sincomam.org.br\/index.php\/wp-json\/wp\/v2\/posts\/51224\/revisions\/51226"}],"wp:featuredmedia":[{"embeddable":true,"href":"https:\/\/www.sincomam.org.br\/index.php\/wp-json\/wp\/v2\/media\/51225"}],"wp:attachment":[{"href":"https:\/\/www.sincomam.org.br\/index.php\/wp-json\/wp\/v2\/media?parent=51224"}],"wp:term":[{"taxonomy":"category","embeddable":true,"href":"https:\/\/www.sincomam.org.br\/index.php\/wp-json\/wp\/v2\/categories?post=51224"},{"taxonomy":"post_tag","embeddable":true,"href":"https:\/\/www.sincomam.org.br\/index.php\/wp-json\/wp\/v2\/tags?post=51224"}],"curies":[{"name":"wp","href":"https:\/\/api.w.org\/{rel}","templated":true}]}}