{"id":51194,"date":"2024-05-07T08:48:28","date_gmt":"2024-05-07T11:48:28","guid":{"rendered":"http:\/\/www.sincomam.org.br\/?p=51194"},"modified":"2024-05-07T08:48:28","modified_gmt":"2024-05-07T11:48:28","slug":"complexo-do-pecem-se-destaca-com-projetos-de-hidrogenio-verde","status":"publish","type":"post","link":"https:\/\/www.sincomam.org.br\/index.php\/complexo-do-pecem-se-destaca-com-projetos-de-hidrogenio-verde\/","title":{"rendered":"COMPLEXO DO PEC\u00c9M SE DESTACA COM PROJETOS DE HIDROG\u00caNIO VERDE"},"content":{"rendered":"<p dir=\"ltr\">O ministro de Portos e Aeroportos, Silvio Costa Filho, e o secret\u00e1rio Nacional de Portos e Transportes Aquavi\u00e1rios, Alex Sandro de \u00c1vila, realizaram uma visita t\u00e9cnica ao Complexo Portu\u00e1rio do Pec\u00e9m. O local, com mais de 19 mil hectares de \u00e1rea, possui infraestrutura robusta e localiza\u00e7\u00e3o geogr\u00e1fica privilegiada, destacando-se como a casa do Hidrog\u00eanio Verde (H2V) no Brasil, abrigando os primeiros projetos do setor no pa\u00eds.<\/p>\n<p dir=\"ltr\">O objetivo da visita foi conhecer os projetos voltados para energias renov\u00e1veis, a fim de servirem como exemplos para outras autoridades portu\u00e1rias. \u00c9 importante destacar que o Brasil tem o compromisso de aumentar suas capacidades no campo das energias renov\u00e1veis, visando garantir a preserva\u00e7\u00e3o ambiental e proporcionar mais qualidade de vida \u00e0 popula\u00e7\u00e3o.<\/p>\n<p dir=\"ltr\">Durante a visita, Silvio Costa Filho ressaltou a import\u00e2ncia estrat\u00e9gica do porto como um hub de excel\u00eancia, possibilitando um canal direto, por exemplo, com a regi\u00e3o da Europa, viabilizando o transporte e exporta\u00e7\u00e3o do referido produto para l\u00e1. \u201cEu n\u00e3o tenho d\u00favidas de que o Porto do Pec\u00e9m ser\u00e1 uma refer\u00eancia mundial em hidrog\u00eanio verde, e queremos exportar essa tecnologia para os pa\u00edses europeus e demais interessados, o que estimular\u00e1 ainda mais o crescimento econ\u00f4mico da regi\u00e3o\u201d, disse.<\/p>\n<p dir=\"ltr\">Alex Sandro de \u00c1vila destacou os investimentos no complexo em rela\u00e7\u00e3o a projetos de energias renov\u00e1veis, especialmente o Hidrog\u00eanio Verde. \u201c\u00c9 um excelente hub para permitir um canal direto, por exemplo, com a regi\u00e3o da Europa. Estamos investindo na proposta econ\u00f4mico-financeira para permitir que tenha um custo acess\u00edvel e, assim, posicionar o Brasil na vanguarda da competitividade no fornecimento de energia renov\u00e1vel, como o hidrog\u00eanio verde, para o mundo\u201d, disse.<\/p>\n<p dir=\"ltr\"><strong>Infraestrutura de ponta<\/strong><\/p>\n<p dir=\"ltr\">O Complexo do Pec\u00e9m \u00e9 composto por tr\u00eas grandes frentes: a \u00c1rea Industrial, que abriga algumas das principais unidades fabris do Nordeste brasileiro; o Porto do Pec\u00e9m, um terminal offshore de classe mundial; e a\u00a0Zona de Processamento de Exporta\u00e7\u00e3o (ZPE) Cear\u00e1, a primeira a operar no Brasil, que possui uma nova \u00e1rea de mais de 1.900 hectares para receber novos investimentos. \u00c9 nessa \u00e1rea que ser\u00e3o instaladas as empresas que produzir\u00e3o H2V no Pec\u00e9m.<\/p>\n<p dir=\"ltr\">Atualmente, o complexo conta com seis pr\u00e9-contratos assinados, somando cerca de US$ 8 bilh\u00f5es em investimentos at\u00e9 2030. Isso deve duplicar a quantidade de empregos diretos e indiretos na regi\u00e3o, que atualmente \u00e9 de 80 mil.<\/p>\n<p dir=\"ltr\">Para receber as empresas que produzir\u00e3o hidrog\u00eanio verde no Pec\u00e9m, a estrutura do Complexo e do Porto ser\u00e1 modernizada. Para isso, ser\u00e1 criado um corredor de utilidades por onde circular\u00e3o os dutos de am\u00f4nia, g\u00e1s natural, hidrog\u00eanio, \u00e1gua e a rede de energia el\u00e9trica. O p\u00eder 2 e o terminal de m\u00faltiplas utilidades devem passar por adapta\u00e7\u00f5es para a opera\u00e7\u00e3o de am\u00f4nia e outros derivados do hidrog\u00eanio verde.<\/p>\n<p dir=\"ltr\">\u201cNesse processo de instala\u00e7\u00e3o do hub de H2V, estamos nos preparando para produzir e exportar o hidrog\u00eanio, enquanto o Porto de Roterd\u00e3 se prepara para receber e distribuir pelo mercado europeu\u201d, destaca o presidente do Complexo do Pec\u00e9m, Hugo Figueir\u00eado. O Porto do Pec\u00e9m e o Porto de Roterd\u00e3 constituir\u00e3o a rota de exporta\u00e7\u00e3o\/importa\u00e7\u00e3o de H2V mais pr\u00f3xima entre a Am\u00e9rica do Sul e a Europa.<\/p>\n<p dir=\"ltr\"><strong>N\u00fameros<\/strong><\/p>\n<p dir=\"ltr\"><span class=\"emoji-container\">Importante destacar que o Porto do Pec\u00e9m registrou crescimento na movimenta\u00e7\u00e3o de 18% no primeiro trimestre,<\/span><span class=\"emoji-container\">\u00a0em compara\u00e7\u00e3o ao mesmo per\u00edodo do ano passado. Ao total, foram 4,4 milh\u00f5es de toneladas de cargas de janeiro a mar\u00e7o de 2024.<\/span><\/p>\n<p dir=\"ltr\">Entre os principais produtos movimentados, destacam-se min\u00e9rios, cereais, combust\u00edveis minerais, ferro fundido, pl\u00e1sticos e bebidas em cabotagem. Na navega\u00e7\u00e3o em longo curso, foram transportados combust\u00edveis minerais, m\u00e1quinas, frutas e sal.<\/p>\n<p dir=\"ltr\">Fonte: Informativos dos Portos<\/p>\n","protected":false},"excerpt":{"rendered":"<p>O ministro de Portos e Aeroportos, Silvio Costa Filho, e o secret\u00e1rio Nacional de Portos e Transportes Aquavi\u00e1rios, Alex Sandro de \u00c1vila, realizaram uma visita&#8230;<\/p>\n","protected":false},"author":1527,"featured_media":51195,"comment_status":"closed","ping_status":"closed","sticky":false,"template":"","format":"standard","meta":{"footnotes":""},"categories":[6],"tags":[],"class_list":["post-51194","post","type-post","status-publish","format-standard","has-post-thumbnail","hentry","category-noticias"],"_links":{"self":[{"href":"https:\/\/www.sincomam.org.br\/index.php\/wp-json\/wp\/v2\/posts\/51194","targetHints":{"allow":["GET"]}}],"collection":[{"href":"https:\/\/www.sincomam.org.br\/index.php\/wp-json\/wp\/v2\/posts"}],"about":[{"href":"https:\/\/www.sincomam.org.br\/index.php\/wp-json\/wp\/v2\/types\/post"}],"author":[{"embeddable":true,"href":"https:\/\/www.sincomam.org.br\/index.php\/wp-json\/wp\/v2\/users\/1527"}],"replies":[{"embeddable":true,"href":"https:\/\/www.sincomam.org.br\/index.php\/wp-json\/wp\/v2\/comments?post=51194"}],"version-history":[{"count":1,"href":"https:\/\/www.sincomam.org.br\/index.php\/wp-json\/wp\/v2\/posts\/51194\/revisions"}],"predecessor-version":[{"id":51196,"href":"https:\/\/www.sincomam.org.br\/index.php\/wp-json\/wp\/v2\/posts\/51194\/revisions\/51196"}],"wp:featuredmedia":[{"embeddable":true,"href":"https:\/\/www.sincomam.org.br\/index.php\/wp-json\/wp\/v2\/media\/51195"}],"wp:attachment":[{"href":"https:\/\/www.sincomam.org.br\/index.php\/wp-json\/wp\/v2\/media?parent=51194"}],"wp:term":[{"taxonomy":"category","embeddable":true,"href":"https:\/\/www.sincomam.org.br\/index.php\/wp-json\/wp\/v2\/categories?post=51194"},{"taxonomy":"post_tag","embeddable":true,"href":"https:\/\/www.sincomam.org.br\/index.php\/wp-json\/wp\/v2\/tags?post=51194"}],"curies":[{"name":"wp","href":"https:\/\/api.w.org\/{rel}","templated":true}]}}