{"id":5117,"date":"2014-04-28T08:03:59","date_gmt":"2014-04-28T11:03:59","guid":{"rendered":"http:\/\/www.sincomam.org.br\/?p=5117"},"modified":"2014-04-25T19:02:06","modified_gmt":"2014-04-25T22:02:06","slug":"complexo-portuario-no-para-estabelece-nova-rota-de-exportacao-de-graos-pelo-norte","status":"publish","type":"post","link":"https:\/\/www.sincomam.org.br\/index.php\/complexo-portuario-no-para-estabelece-nova-rota-de-exportacao-de-graos-pelo-norte\/","title":{"rendered":"Complexo portu\u00e1rio no Par\u00e1 estabelece nova rota de exporta\u00e7\u00e3o de gr\u00e3os pelo Norte"},"content":{"rendered":"<p>A presidenta Dilma Rousseff participou, na \u00faltima sexta-feira (25), em Barcarena (PA), da inaugura\u00e7\u00e3o do complexo portu\u00e1rio Miritituba-Barcarena, da Bunge, que \u00e9 composto da Esta\u00e7\u00e3o de Transbordo, em Miritituba, e do Terminal Portu\u00e1rio Fronteira Norte (Terfron), em Barcarena. A nova rota de exporta\u00e7\u00e3o tem capacidade de escoamento de carga de at\u00e9 2,5 milh\u00f5es de toneladas de gr\u00e3os por ano.<\/p>\n<p>Pedro Parente, presidente e CEO da Bunge Brasil, avalia a inaugura\u00e7\u00e3o do complexo portu\u00e1rio como sendo um novo paradigma no escoamento da produ\u00e7\u00e3o de gr\u00e3os brasileira. Segundo ele, esse investimento permitir\u00e1 transformar e alavancar o desenvolvimento no norte do pa\u00eds.<\/p>\n<p>\u201c\u00c9 uma nova alternativa, \u00e9 um novo paradigma para os produtores brasileiros. N\u00f3s vamos estar, ao inv\u00e9s de escoar a produ\u00e7\u00e3o de Mato Grosso pelo Sudeste do pa\u00eds, n\u00f3s vamos estar escoando pelo Norte, muito mais pr\u00f3ximo dos portos de destino, como Europa e China. Ent\u00e3o isso realmente \u00e9 um marco important\u00edssimo, \u00e9 uma nova alternativa, \u00e9 extremamente relevante para o produtor brasileiro, para o pa\u00eds, mais divisas, mais exporta\u00e7\u00e3o e, para a nossa empresa tamb\u00e9m, para a Bunge, que est\u00e1 sendo pioneira nesse movimento\u201d, declarou.<\/p>\n<p>De acordo com o gerente de opera\u00e7\u00f5es portu\u00e1rias do Terfron, Jo\u00e3o Felipe Folquening, o complexo tamb\u00e9m contribui para a sustentabilidade ao privilegiar o modal hidrovi\u00e1rio.<\/p>\n<p>\u201cEsse terminal tem uma capacidade est\u00e1tica de 150 mil toneladas e uma capacidade de expedi\u00e7\u00e3o para navios de 1.500 toneladas\/hora. Tamb\u00e9m temos o recebimento hidrovi\u00e1rio com uma capacidade de 1.500 toneladas\/hora. A grande novidade desse projeto \u00e9 desafogar a log\u00edstica rodovi\u00e1ria que hoje sai do Mato Grosso at\u00e9 o Sul\/Sudeste do pa\u00eds, via rodovia e caminh\u00f5es, e trazer esses caminh\u00f5es subindo at\u00e9 Itaituba pela BR-163 e fazendo o transbordo da soja e do milho para as barca\u00e7as, descendo o Rio Tapaj\u00f3s at\u00e9 Barcarena. Ent\u00e3o, o transporte hidrovi\u00e1rio \u00e9 um transporte muito mais sustent\u00e1vel e eficiente no transporte de gr\u00e3os\u201d, afirmou.<\/p>\n<p>Pela nova rota criada, os gr\u00e3os das maiores regi\u00f5es produtoras seguir\u00e3o por caminh\u00e3o pela BR-163 at\u00e9 a esta\u00e7\u00e3o de transbordo de Miritituba, no oeste do Par\u00e1, percorrendo uma dist\u00e2ncia de 1.100 quil\u00f4metros. No terminal, a carga ser\u00e1 colocada em barca\u00e7as que ir\u00e3o navegar o rio Tapaj\u00f3s , passar\u00e3o pelo estreito de Breves e chegar\u00e3o ao Terfron, em Vila do Conde, Barcarena, um percurso de 1.000 quil\u00f4metros realizado em aproximadamente tr\u00eas dias. No Terfron, a carga ser\u00e1 armazenada para posterior embarque em navios graneleiros rumo ao exterior.<\/p>\n<p>Fonte: Blog do Planalto<br \/>Foto: Blog do Planalto<\/p>\n","protected":false},"excerpt":{"rendered":"<p>A presidenta Dilma Rousseff participou, na \u00faltima sexta-feira (25), em Barcarena (PA), da inaugura\u00e7\u00e3o do complexo portu\u00e1rio Miritituba-Barcarena, da Bunge, que \u00e9 composto da Esta\u00e7\u00e3o&#8230;<\/p>\n","protected":false},"author":1182,"featured_media":5118,"comment_status":"closed","ping_status":"closed","sticky":false,"template":"","format":"standard","meta":{"footnotes":""},"categories":[6],"tags":[1018,181,151,161,536,1017,513,80],"class_list":["post-5117","post","type-post","status-publish","format-standard","has-post-thumbnail","hentry","category-noticias","tag-bunge","tag-dilma","tag-exportacao","tag-graos","tag-inauguracao","tag-miritituba-barcarena","tag-para","tag-porto"],"_links":{"self":[{"href":"https:\/\/www.sincomam.org.br\/index.php\/wp-json\/wp\/v2\/posts\/5117","targetHints":{"allow":["GET"]}}],"collection":[{"href":"https:\/\/www.sincomam.org.br\/index.php\/wp-json\/wp\/v2\/posts"}],"about":[{"href":"https:\/\/www.sincomam.org.br\/index.php\/wp-json\/wp\/v2\/types\/post"}],"author":[{"embeddable":true,"href":"https:\/\/www.sincomam.org.br\/index.php\/wp-json\/wp\/v2\/users\/1182"}],"replies":[{"embeddable":true,"href":"https:\/\/www.sincomam.org.br\/index.php\/wp-json\/wp\/v2\/comments?post=5117"}],"version-history":[{"count":1,"href":"https:\/\/www.sincomam.org.br\/index.php\/wp-json\/wp\/v2\/posts\/5117\/revisions"}],"predecessor-version":[{"id":5119,"href":"https:\/\/www.sincomam.org.br\/index.php\/wp-json\/wp\/v2\/posts\/5117\/revisions\/5119"}],"wp:featuredmedia":[{"embeddable":true,"href":"https:\/\/www.sincomam.org.br\/index.php\/wp-json\/wp\/v2\/media\/5118"}],"wp:attachment":[{"href":"https:\/\/www.sincomam.org.br\/index.php\/wp-json\/wp\/v2\/media?parent=5117"}],"wp:term":[{"taxonomy":"category","embeddable":true,"href":"https:\/\/www.sincomam.org.br\/index.php\/wp-json\/wp\/v2\/categories?post=5117"},{"taxonomy":"post_tag","embeddable":true,"href":"https:\/\/www.sincomam.org.br\/index.php\/wp-json\/wp\/v2\/tags?post=5117"}],"curies":[{"name":"wp","href":"https:\/\/api.w.org\/{rel}","templated":true}]}}