{"id":51130,"date":"2024-05-03T08:03:25","date_gmt":"2024-05-03T11:03:25","guid":{"rendered":"http:\/\/www.sincomam.org.br\/?p=51130"},"modified":"2024-05-03T08:03:25","modified_gmt":"2024-05-03T11:03:25","slug":"barcas-estudo-da-ufrj-diz-que-para-viabilizar-concessao-tarifa-teria-que-ser-de-r-1684","status":"publish","type":"post","link":"https:\/\/www.sincomam.org.br\/index.php\/barcas-estudo-da-ufrj-diz-que-para-viabilizar-concessao-tarifa-teria-que-ser-de-r-1684\/","title":{"rendered":"Barcas: estudo da UFRJ diz que, para viabilizar concess\u00e3o, tarifa teria que ser de R$ 16,84"},"content":{"rendered":"<div id=\"chunk-aic16\">\n<div class=\"mc-column content-text active-extra-styles \" data-block-type=\"unstyled\" data-block-weight=\"28\" data-block-id=\"2\">\n<p class=\" content-text__container \" data-track-category=\"Link no Texto\" data-track-links=\"\" data-mrf-recirculation=\"Article links\">Um estudo da Universidade Federal do Rio de Janeiro (UFRJ) diz que a tarifa das barcas deveria custar\u00a0R$ 16,84\u00a0para que a opera\u00e7\u00e3o n\u00e3o d\u00ea preju\u00edzo.<\/p>\n<\/div>\n<\/div>\n<div class=\"wall protected-content\">\n<div id=\"chunk-9t3bk\">\n<div class=\"mc-column content-text active-extra-styles \" data-block-type=\"unstyled\" data-block-weight=\"28\" data-block-id=\"4\">\n<p class=\" content-text__container \" data-track-category=\"Link no Texto\" data-track-links=\"\" data-mrf-recirculation=\"Article links\">Contratada pelo governo do Rio, a institui\u00e7\u00e3o sugeriu uma nova modelagem para a concess\u00e3o do servi\u00e7o, mas o Tribunal de Contas do Estado (TCE-RJ) contestou o trabalho.<\/p>\n<\/div>\n<\/div>\n<div id=\"chunk-1f2a1\">\n<div class=\"mc-column content-text active-extra-styles \" data-block-type=\"unstyled\" data-block-weight=\"40\" data-block-id=\"5\">\n<p class=\" content-text__container \" data-track-category=\"Link no Texto\" data-track-links=\"\" data-mrf-recirculation=\"Article links\">A CCR Barcas, atual concession\u00e1ria, j\u00e1 reclamava do rombo, dizendo que a opera\u00e7\u00e3o era deficit\u00e1ria. Chegou a ir \u00e0 Justi\u00e7a pedindo para que o contrato \u2014 que ia at\u00e9 fevereiro do ano passado \u2014 fosse encerrado antes dessa data.<\/p>\n<\/div>\n<\/div>\n<div id=\"chunk-86ihr\">\n<div class=\"mc-column content-text active-extra-styles \" data-block-type=\"unstyled\" data-block-weight=\"27\" data-block-id=\"6\">\n<p class=\" content-text__container \" data-track-category=\"Link no Texto\" data-track-links=\"\" data-mrf-recirculation=\"Article links\">Para o passageiro n\u00e3o assumir o preju\u00edzo, quem assumiu foi o governo do estado. Mas, de uma forma ou de outra, \u00e9 o contribuinte quem paga.<\/p>\n<p class=\" content-text__container \" data-track-category=\"Link no Texto\" data-track-links=\"\" data-mrf-recirculation=\"Article links\"><span style=\"font-family: inherit; font-size: inherit; font-style: inherit; font-variant-ligatures: inherit; font-variant-caps: inherit; text-align: center;\">O governo aceitou pagar um total de <\/span>R$ 750 milh\u00f5es\u00a0<span style=\"font-family: inherit; font-size: inherit; font-style: inherit; font-variant-ligatures: inherit; font-variant-caps: inherit; text-align: center;\">\u00e0 empresa como indeniza\u00e7\u00e3o. Em troca, a CCR Barcas se comprometeu a manter a presta\u00e7\u00e3o de servi\u00e7os at\u00e9 fevereiro de 2025.<\/span><\/p>\n<\/div>\n<\/div>\n<div id=\"chunk-cf3di\">\n<div class=\"mc-column content-text active-extra-styles \" data-block-type=\"unstyled\" data-block-weight=\"32\" data-block-id=\"9\">\n<p class=\" content-text__container \" data-track-category=\"Link no Texto\" data-track-links=\"\" data-mrf-recirculation=\"Article links\">A solu\u00e7\u00e3o imediata apresentada pela UFRJ, na semana passada, n\u00e3o \u00e9 nem a concess\u00e3o, nem a Parceria P\u00fablico-Privada. \u00c9 o governo, segundo a universidade, que deve operar o sistema: uma presta\u00e7\u00e3o direta.<\/p>\n<\/div>\n<\/div>\n<div id=\"chunk-3rtmu\">\n<div class=\"mc-column content-text active-extra-styles \" data-block-type=\"unstyled\" data-block-weight=\"35\" data-block-id=\"10\">\n<p class=\" content-text__container \" data-track-category=\"Link no Texto\" data-track-links=\"\" data-mrf-recirculation=\"Article links\">&#8220;Na concess\u00e3o comum, a concession\u00e1ria presta o servi\u00e7o p\u00fablico e basicamente \u00e9 remunerada por meio de tarifa que \u00e9 paga pelos usu\u00e1rios do servi\u00e7o, pelos cidad\u00e3os\u201d, explica o professor de direito administrativo, Rafael Oliveira.<\/p>\n<\/div>\n<\/div>\n<div id=\"chunk-4t4p0\">\n<div class=\"mc-column content-text active-extra-styles \" data-block-type=\"unstyled\" data-block-weight=\"62\" data-block-id=\"11\">\n<p class=\" content-text__container \" data-track-category=\"Link no Texto\" data-track-links=\"\" data-mrf-recirculation=\"Article links\">\u201cE na PPP, a empresa presta o servi\u00e7o p\u00fablico, mas o risco da presta\u00e7\u00e3o do servi\u00e7o \u00e9 compartilhado entre ela e o estado. Pode ser que a remunera\u00e7\u00e3o ocorra por tarifa, al\u00e9m dos recursos p\u00fablicos que ser\u00e3o repassados pelo estado. E na modelagem no caso da presta\u00e7\u00e3o direta, que foi sugerida agora pela UFRJ, o pr\u00f3prio estado seria o prestador de servi\u00e7o.\u201d<\/p>\n<\/div>\n<\/div>\n<div id=\"chunk-52cq7\">\n<div class=\"mc-column content-text active-extra-styles\" data-block-type=\"raw\" data-block-weight=\"5\" data-block-id=\"12\">\n<p class=\"content-text__container\" data-mrf-recirculation=\"Article links\">\n<div class=\"content-intertitle\">\n<h2>Concess\u00e3o \u00e9 discutida na Justi\u00e7a<\/h2>\n<\/div>\n<p>H\u00e1 20 anos, a concess\u00e3o das barcas \u00e9 discutida nos tribunais. A solu\u00e7\u00e3o apresentada pela UFRJ poderia dar a palavra final no debate. Mas o impasse continua.<\/p>\n<\/div>\n<\/div>\n<div id=\"chunk-5js8r\">\n<div class=\"mc-column content-text active-extra-styles \" data-block-type=\"unstyled\" data-block-weight=\"17\" data-block-id=\"14\">\n<p class=\" content-text__container \" data-track-category=\"Link no Texto\" data-track-links=\"\" data-mrf-recirculation=\"Article links\">O TCE tamb\u00e9m analisou o relat\u00f3rio da universidade. Segundo os t\u00e9cnicos do TCE, o documento tem falhas.<\/p>\n<p class=\" content-text__container \" data-track-category=\"Link no Texto\" data-track-links=\"\" data-mrf-recirculation=\"Article links\"><span style=\"font-family: inherit; font-size: inherit; font-style: inherit; font-variant-ligatures: inherit; font-variant-caps: inherit; font-weight: inherit; text-align: center;\">De acordo com o TCE, \u201cdesde 2018 o estado vem buscando uma solu\u00e7\u00e3o para o SPTA (Sistema P\u00fablico de Transporte Aquavi\u00e1rio), sem sucesso.\u201d<\/span><\/p>\n<\/div>\n<\/div>\n<div id=\"chunk-14ei3\">\n<div class=\"mc-column content-text active-extra-styles \" data-block-type=\"unstyled\" data-block-weight=\"20\" data-block-id=\"17\">\n<p class=\" content-text__container \" data-track-category=\"Link no Texto\" data-track-links=\"\" data-mrf-recirculation=\"Article links\">Os t\u00e9cnicos do TCE citam o documento da UFRJ, que acredita que a Parceria P\u00fablico-Privada \u00e9 um dos modelos poss\u00edveis.<\/p>\n<\/div>\n<\/div>\n<div id=\"chunk-dpm8c\">\n<div class=\"mc-column content-text active-extra-styles \" data-block-type=\"unstyled\" data-block-weight=\"36\" data-block-id=\"18\">\n<p class=\" content-text__container \" data-track-category=\"Link no Texto\" data-track-links=\"\" data-mrf-recirculation=\"Article links\">Um relat\u00f3rio da universidade afirma que, &#8220;em um primeiro momento, o melhor dos modelos seria a presta\u00e7\u00e3o direta do servi\u00e7o pelo estado, possibilitando que este tenha tempo para elaborar, futuramente, uma outra concess\u00e3o ou uma PPP.&#8221;<\/p>\n<\/div>\n<\/div>\n<div id=\"chunk-b0d8u\">\n<div class=\"mc-column content-text active-extra-styles \" data-block-type=\"unstyled\" data-block-weight=\"46\" data-block-id=\"19\">\n<p class=\" content-text__container \" data-track-category=\"Link no Texto\" data-track-links=\"\" data-mrf-recirculation=\"Article links\">Mas, segundo os t\u00e9cnicos do TCE, o estado teve quase 3 anos para estruturar uma modelagem que fosse a melhor alternativa. O Tribunal lembra ainda que a Funda\u00e7\u00e3o Get\u00falio Vargas j\u00e1 tinha sido contratada para a elabora\u00e7\u00e3o da primeira modelagem. Depois, a UFRJ foi contratada tamb\u00e9m.<\/p>\n<\/div>\n<\/div>\n<div id=\"chunk-cussm\">\n<div class=\"mc-column content-text active-extra-styles \" data-block-type=\"unstyled\" data-block-weight=\"39\" data-block-id=\"20\">\n<p class=\" content-text__container \" data-track-category=\"Link no Texto\" data-track-links=\"\" data-mrf-recirculation=\"Article links\">Ap\u00f3s todo esse tempo, concluem os t\u00e9cnicos, &#8220;n\u00e3o \u00e9 aceit\u00e1vel que o resultado apresentado seja que a melhor alternativa \u00e9 uma solu\u00e7\u00e3o transit\u00f3ria por um per\u00edodo de 1 a 5 anos para que no futuro seja estruturada uma PPP.&#8221;<\/p>\n<\/div>\n<\/div>\n<div id=\"chunk-8rcb9\">\n<div class=\"mc-column content-text active-extra-styles \" data-block-type=\"unstyled\" data-block-weight=\"27\" data-block-id=\"21\">\n<p class=\" content-text__container \" data-track-category=\"Link no Texto\" data-track-links=\"\" data-mrf-recirculation=\"Article links\">O TCE conclui afirmando que n\u00e3o h\u00e1 comprova\u00e7\u00e3o t\u00e9cnica adequada de que a presta\u00e7\u00e3o direta \u2014 a solu\u00e7\u00e3o encontrada pela UFRJ \u2014 \u00e9 a op\u00e7\u00e3o mais vantajosa.<\/p>\n<\/div>\n<\/div>\n<div id=\"chunk-cu9hu\">\n<div class=\"mc-column content-text active-extra-styles \" data-block-type=\"unstyled\" data-block-weight=\"60\" data-block-id=\"22\">\n<p class=\" content-text__container \" data-track-category=\"Link no Texto\" data-track-links=\"\" data-mrf-recirculation=\"Article links\">\u201cO que me parece \u00e9 que esse imbr\u00f3glio envolvendo as barcas \u00e9 um imbr\u00f3glio que poderia ter sido resolvido h\u00e1 muito tempo. E a\u00ed, quando a discuss\u00e3o para nos tribunais, s\u00e3o decis\u00f5es judiciais, s\u00e3o decis\u00f5es do tribunal de contas, que paralisam estudos, paralisam o pr\u00f3prio planejamento que poderia ter sido levado \u00e0 frente\u201d, diz o especialista em direito administrativo.<\/p>\n<\/div>\n<\/div>\n<div id=\"chunk-3kuu6\">\n<div class=\"content-ads content-ads--reveal\" data-block-type=\"ads\" data-block-id=\"23\">\n<div id=\"banner_materia__b93d4ac4-065f-450f-b759-3a0b838345c0\" class=\"tag-manager-publicidade-container mc-has-reveal mc-has-ad-lazyload tag-manager-publicidade-banner_materia__b93d4ac4-065f-450f-b759-3a0b838345c0 tag-manager-publicidade-container--carregado tag-manager-publicidade-container--visivel\" data-id=\"banner_materia__b93d4ac4-065f-450f-b759-3a0b838345c0\" data-google-query-id=\"CK7Suo6q8YUDFbRYuAQd-SsEwQ\">\n<div id=\"chunk-68n4r\">\n<div class=\"mc-column content-text active-extra-styles \" data-block-type=\"unstyled\" data-block-weight=\"34\" data-block-id=\"24\">\n<p class=\" content-text__container \" data-track-category=\"Link no Texto\" data-track-links=\"\" data-mrf-recirculation=\"Article links\">O Governo do Rio informou que o modelo de concess\u00e3o de &#8220;presta\u00e7\u00e3o direta&#8221; \u00e9 o mais vi\u00e1vel e mais indicado no momento. Disse ainda que vai responder todos os questionamentos feitos pelo TCE.<\/p>\n<\/div>\n<\/div>\n<div data-track-category=\"multicontent\" data-track-action=\"ultimo chunk conteudo\" data-track-noninteraction=\"false\" data-track-scroll=\"view\">\n<div id=\"chunk-2schf\">\n<div class=\"block-podcast\">Fonte: G1<\/div>\n<\/div>\n<\/div>\n<\/div>\n<\/div>\n<\/div>\n<\/div>\n","protected":false},"excerpt":{"rendered":"<p>Um estudo da Universidade Federal do Rio de Janeiro (UFRJ) diz que a tarifa das barcas deveria custar\u00a0R$ 16,84\u00a0para que a opera\u00e7\u00e3o n\u00e3o d\u00ea preju\u00edzo&#8230;.<\/p>\n","protected":false},"author":1527,"featured_media":51131,"comment_status":"closed","ping_status":"closed","sticky":false,"template":"","format":"standard","meta":{"footnotes":""},"categories":[6],"tags":[],"class_list":["post-51130","post","type-post","status-publish","format-standard","has-post-thumbnail","hentry","category-noticias"],"_links":{"self":[{"href":"https:\/\/www.sincomam.org.br\/index.php\/wp-json\/wp\/v2\/posts\/51130","targetHints":{"allow":["GET"]}}],"collection":[{"href":"https:\/\/www.sincomam.org.br\/index.php\/wp-json\/wp\/v2\/posts"}],"about":[{"href":"https:\/\/www.sincomam.org.br\/index.php\/wp-json\/wp\/v2\/types\/post"}],"author":[{"embeddable":true,"href":"https:\/\/www.sincomam.org.br\/index.php\/wp-json\/wp\/v2\/users\/1527"}],"replies":[{"embeddable":true,"href":"https:\/\/www.sincomam.org.br\/index.php\/wp-json\/wp\/v2\/comments?post=51130"}],"version-history":[{"count":1,"href":"https:\/\/www.sincomam.org.br\/index.php\/wp-json\/wp\/v2\/posts\/51130\/revisions"}],"predecessor-version":[{"id":51132,"href":"https:\/\/www.sincomam.org.br\/index.php\/wp-json\/wp\/v2\/posts\/51130\/revisions\/51132"}],"wp:featuredmedia":[{"embeddable":true,"href":"https:\/\/www.sincomam.org.br\/index.php\/wp-json\/wp\/v2\/media\/51131"}],"wp:attachment":[{"href":"https:\/\/www.sincomam.org.br\/index.php\/wp-json\/wp\/v2\/media?parent=51130"}],"wp:term":[{"taxonomy":"category","embeddable":true,"href":"https:\/\/www.sincomam.org.br\/index.php\/wp-json\/wp\/v2\/categories?post=51130"},{"taxonomy":"post_tag","embeddable":true,"href":"https:\/\/www.sincomam.org.br\/index.php\/wp-json\/wp\/v2\/tags?post=51130"}],"curies":[{"name":"wp","href":"https:\/\/api.w.org\/{rel}","templated":true}]}}