{"id":51087,"date":"2024-04-30T07:56:28","date_gmt":"2024-04-30T10:56:28","guid":{"rendered":"http:\/\/www.sincomam.org.br\/?p=51087"},"modified":"2024-04-30T08:36:11","modified_gmt":"2024-04-30T11:36:11","slug":"em-junho-vai-acontecer-audiencia-publica-para-tratar-do-servico-de-travessia-de-passageiros-entre-manaus-am-e-careiro-da-varzea-am","status":"publish","type":"post","link":"https:\/\/www.sincomam.org.br\/index.php\/em-junho-vai-acontecer-audiencia-publica-para-tratar-do-servico-de-travessia-de-passageiros-entre-manaus-am-e-careiro-da-varzea-am\/","title":{"rendered":"Em junho acontece audi\u00eancia p\u00fablica sobre travessia de passageiros entre Manaus e Careiro da V\u00e1rzea"},"content":{"rendered":"<p>A Ag\u00eancia Nacional de Transportes Aquavi\u00e1rios (ANTAQ) definiu a data da Audi\u00eancia P\u00fablica 04\/2024, voltada ao recebimento de contribui\u00e7\u00f5es, subs\u00eddios e sugest\u00f5es para o aprimoramento dos documentos relativos \u00e0 sele\u00e7\u00e3o p\u00fablica para a presta\u00e7\u00e3o do servi\u00e7o de travessia de passageiros entre os munic\u00edpios de Manaus (AM) e Careiro da V\u00e1rzea (AM)<\/p>\n<p>A audi\u00eancia presencial vai acontecer no dia 04 de junho de 2024, com in\u00edcio \u00e0s 09h30 e t\u00e9rmino \u00e0s 16h, no audit\u00f3rio do SENAI de Manaus, situado no endere\u00e7o: Av. Rodrigo Ot\u00e1vio, 2394 &#8211; Distrito Industrial I, Manaus.<\/p>\n<p>Toda a sess\u00e3o presencial ser\u00e1 transmitida pelo\u00a0<a class=\"external-link\" title=\"\" href=\"https:\/\/www.youtube.com\/@ANTAQ_oficial\" target=\"_blank\" rel=\"noopener\" data-tippreview-enabled=\"false\" data-tippreview-image=\"\" data-tippreview-title=\"\">canal do YouTube<\/a>\u00a0da Ag\u00eancia. N\u00e3o \u00e9 necess\u00e1ria inscri\u00e7\u00e3o para assistir a audi\u00eancia.<\/p>\n<p>A diretoria determinou a realiza\u00e7\u00e3o de audi\u00eancia p\u00fablica em Manaus a fim de proporcionar o debate diretamente com a comunidade local.<\/p>\n<p><strong>Din\u00e2mica da Audi\u00eancia<\/strong><\/p>\n<p>Os interessados em se manifestar devem se inscrever pelo aplicativo de mensagens &#8220;Whatsapp&#8221; no n\u00famero (61) 2029-6940, podendo enviar sua contribui\u00e7\u00e3o por v\u00eddeo, \u00e1udio ou at\u00e9 mesmo por escrito. O per\u00edodo de inscri\u00e7\u00e3o ser\u00e1 das 9h \u00e0s 15h do dia 31 de maio de 2024.<\/p>\n<p>Para esta audi\u00eancia, somente poder\u00e3o se inscrever os interessados que possam comparecer ao evento para realizar manifesta\u00e7\u00e3o oral.<\/p>\n<p><strong>Contribui\u00e7\u00f5es<\/strong><\/p>\n<p>As minutas jur\u00eddicas e documentos t\u00e9cnicos relativos a audi\u00eancia p\u00fablica est\u00e3o dispon\u00edveis\u00a0<a class=\"external-link\" title=\"\" href=\"https:\/\/web3.antaq.gov.br\/Sistemas\/LeilaoInternetV2\/PaginaPrincipal.aspx\" target=\"_self\" rel=\"noopener\" data-tippreview-enabled=\"false\" data-tippreview-image=\"\" data-tippreview-title=\"\">neste link<\/a>.<\/p>\n<p>O per\u00edodo para a realiza\u00e7\u00e3o das contribui\u00e7\u00f5es escritas se estendem at\u00e9 \u00e0s 23h59 do dia 18 de junho de 2024, exclusivamente por meio e na forma do formul\u00e1rio eletr\u00f4nico dispon\u00edvel no site da ANTAQ, n\u00e3o sendo aceitas contribui\u00e7\u00f5es enviadas por meio diverso.<\/p>\n<p>Ser\u00e1 permitido anexar imagens digitais, tais como mapas, plantas e fotos exclusivamente atrav\u00e9s do email: anexo_audiencia042024@antaq.gov.br mediante identifica\u00e7\u00e3o do contribuinte e no prazo estipulado neste aviso. O envio do anexo em email n\u00e3o dispensa o envio da contribui\u00e7\u00e3o por escrito no formul\u00e1rio eletr\u00f4nico.<\/p>\n<p>Caso o interessado n\u00e3o disponha dos recursos necess\u00e1rios para o envio da contribui\u00e7\u00e3o por meio do formul\u00e1rio eletr\u00f4nico, poder\u00e1 faz\u00ea-lo utilizando o computador da Secretaria-Geral (SGE) desta Ag\u00eancia, em Bras\u00edlia\/DF, ou nas suas Unidades Regionais, cujos endere\u00e7os se encontram dispon\u00edveis no s\u00edtio da ANTAQ.<\/p>\n<p>Fonte: Antaq<\/p>\n","protected":false},"excerpt":{"rendered":"<p>A Ag\u00eancia Nacional de Transportes Aquavi\u00e1rios (ANTAQ) definiu a data da Audi\u00eancia P\u00fablica 04\/2024, voltada ao recebimento de contribui\u00e7\u00f5es, subs\u00eddios e sugest\u00f5es para o aprimoramento&#8230;<\/p>\n","protected":false},"author":1527,"featured_media":51088,"comment_status":"closed","ping_status":"closed","sticky":false,"template":"","format":"standard","meta":{"footnotes":""},"categories":[6],"tags":[],"class_list":["post-51087","post","type-post","status-publish","format-standard","has-post-thumbnail","hentry","category-noticias"],"_links":{"self":[{"href":"https:\/\/www.sincomam.org.br\/index.php\/wp-json\/wp\/v2\/posts\/51087","targetHints":{"allow":["GET"]}}],"collection":[{"href":"https:\/\/www.sincomam.org.br\/index.php\/wp-json\/wp\/v2\/posts"}],"about":[{"href":"https:\/\/www.sincomam.org.br\/index.php\/wp-json\/wp\/v2\/types\/post"}],"author":[{"embeddable":true,"href":"https:\/\/www.sincomam.org.br\/index.php\/wp-json\/wp\/v2\/users\/1527"}],"replies":[{"embeddable":true,"href":"https:\/\/www.sincomam.org.br\/index.php\/wp-json\/wp\/v2\/comments?post=51087"}],"version-history":[{"count":3,"href":"https:\/\/www.sincomam.org.br\/index.php\/wp-json\/wp\/v2\/posts\/51087\/revisions"}],"predecessor-version":[{"id":51091,"href":"https:\/\/www.sincomam.org.br\/index.php\/wp-json\/wp\/v2\/posts\/51087\/revisions\/51091"}],"wp:featuredmedia":[{"embeddable":true,"href":"https:\/\/www.sincomam.org.br\/index.php\/wp-json\/wp\/v2\/media\/51088"}],"wp:attachment":[{"href":"https:\/\/www.sincomam.org.br\/index.php\/wp-json\/wp\/v2\/media?parent=51087"}],"wp:term":[{"taxonomy":"category","embeddable":true,"href":"https:\/\/www.sincomam.org.br\/index.php\/wp-json\/wp\/v2\/categories?post=51087"},{"taxonomy":"post_tag","embeddable":true,"href":"https:\/\/www.sincomam.org.br\/index.php\/wp-json\/wp\/v2\/tags?post=51087"}],"curies":[{"name":"wp","href":"https:\/\/api.w.org\/{rel}","templated":true}]}}