{"id":51084,"date":"2024-04-30T07:54:29","date_gmt":"2024-04-30T10:54:29","guid":{"rendered":"http:\/\/www.sincomam.org.br\/?p=51084"},"modified":"2024-04-30T07:54:29","modified_gmt":"2024-04-30T10:54:29","slug":"cerca-de-15-mil-trabalhadores-portuarios-participam-do-abril-verde-da-portos-do-parana","status":"publish","type":"post","link":"https:\/\/www.sincomam.org.br\/index.php\/cerca-de-15-mil-trabalhadores-portuarios-participam-do-abril-verde-da-portos-do-parana\/","title":{"rendered":"CERCA DE 1,5 MIL TRABALHADORES PORTU\u00c1RIOS PARTICIPAM DO ABRIL VERDE DA PORTOS DO PARAN\u00c1"},"content":{"rendered":"<p>A Portos do Paran\u00e1 realizou, nesta quinta-feira (25), o Abril Verde 2024, que busca conscientizar o trabalhador portu\u00e1rio sobre a import\u00e2ncia da preven\u00e7\u00e3o de acidentes de trabalho. O evento \u00e9 uma parceria com o OGMO (\u00d3rg\u00e3o de Gest\u00e3o de M\u00e3o de Obra), Paran\u00e1 Medicina Empresarial, SEST SENAT e Prefeitura de Paranagu\u00e1. O evento foi realizado na entrada do Pal\u00e1cio Dom Pedro II, em Paranagu\u00e1, e reuniu mais de mil e quinhentos trabalhadores e usu\u00e1rios do porto. Os visitantes receberam orienta\u00e7\u00f5es de sa\u00fade, seguran\u00e7a e meio ambiente, puderam aferir press\u00e3o, testar a glicemia e receber vacinas contra a gripe de gra\u00e7a. Tamb\u00e9m foram entregues cremes para prote\u00e7\u00e3o solar e outros brindes.<\/p>\n<p>\u201cEste \u00e9 o terceiro ano consecutivo que a Portos do Paran\u00e1 realiza o evento, que traz uma agenda muito rica em atividades e servi\u00e7os aos trabalhadores. Nosso principal objetivo \u00e9 conscientizar a comunidade portu\u00e1ria da necessidade de seguir as orienta\u00e7\u00f5es de seguran\u00e7a para evitar acidentes\u201d, enfatizou o diretor de Meio Ambiente da Portos do Paran\u00e1, Jo\u00e3o Paulo Santana.<\/p>\n<p>A diretora executiva do OGMO, Shana Bertol, destacou os resultados positivos do Abril Verde. \u201cEncerramos o ano de 2023 com um decr\u00e9scimo de 13% no n\u00famero de acidentes de trabalho envolvendo trabalhadores portu\u00e1rios avulsos. \u00c9 um resultado importante, pois demonstra que todas as a\u00e7\u00f5es realizadas pelo OGMO e pela Portos do Paran\u00e1 v\u00eam gerando um resultado positivo, garantindo a seguran\u00e7a dos nossos trabalhadores, que est\u00e3o diariamente realizando opera\u00e7\u00f5es portu\u00e1rias no carregamento e descarregamento dos navios\u201d, destacou Shana.<\/p>\n<p>De acordo com o Gerente de Sa\u00fade e Seguran\u00e7a do Trabalho, Jos\u00e9 Sbravatti, a ades\u00e3o dos portu\u00e1rios foi grande e mostra que a cultura de preven\u00e7\u00e3o tem sido bem assimilada no Porto de Paranagu\u00e1. \u201cS\u00e3o informa\u00e7\u00f5es \u00fateis que eles levam para o dia a dia e que realmente fazem diferen\u00e7a na rotina do trabalho. Ao longo do ano j\u00e1 trabalhamos com essas informa\u00e7\u00f5es preventivas, mas como estamos no m\u00eas alusivo \u00e0 sa\u00fade e seguran\u00e7a, realizamos este evento para refor\u00e7ar e concentrar esse atendimento aos trabalhadores\u201d, destacou.<\/p>\n<p>Na vis\u00e3o da Engenheira de Seguran\u00e7a do Trabalho do OGMO, Karla Alves, a ades\u00e3o foi extraordin\u00e1ria. \u201cTodo mundo que passa aqui estava curioso sobre o que era o evento, queria participar tamb\u00e9m e passou em pelo menos uma a\u00e7\u00e3o que montamos e isso \u00e9 muito bom porque trouxemos medi\u00e7\u00f5es, vacina, din\u00e2mica de seguran\u00e7a para aprender a identificar risco e perigo e isso promove a cultura de seguran\u00e7a\u201d, apontou.<\/p>\n<p>Ao final do evento, foi sorteada uma TV Smart 32\u2033 entre os portu\u00e1rios que mais seguiram as pr\u00e1ticas seguras na rotina de trabalho. Leonardo Fernandes, do Rocha Operador levou o presente para casa. \u201cFiquei muito feliz com o pr\u00eamio ainda mais fazendo o que eu gosto que \u00e9 trabalhar na opera\u00e7\u00e3o portu\u00e1ria e \u00e9 gratificante saber que est\u00e3o olhando pela gente e \u00e9 primordial trabalhar com seguran\u00e7a\u201d, declarou o vencedor.<\/p>\n<p>\u201cEsta \u00e9 uma a\u00e7\u00e3o muito valiosa para os trabalhadores no seu dia a dia, pois trabalhamos com o cuidado \u00e0 sa\u00fade, seguran\u00e7a dos portu\u00e1rios e preven\u00e7\u00e3o de acidentes\u201d, finalizou Sbravatti.<\/p>\n<p>Fonte: Informativo dos Portos<\/p>\n","protected":false},"excerpt":{"rendered":"<p>A Portos do Paran\u00e1 realizou, nesta quinta-feira (25), o Abril Verde 2024, que busca conscientizar o trabalhador portu\u00e1rio sobre a import\u00e2ncia da preven\u00e7\u00e3o de acidentes&#8230;<\/p>\n","protected":false},"author":1527,"featured_media":51085,"comment_status":"closed","ping_status":"closed","sticky":false,"template":"","format":"standard","meta":{"footnotes":""},"categories":[6],"tags":[],"class_list":["post-51084","post","type-post","status-publish","format-standard","has-post-thumbnail","hentry","category-noticias"],"_links":{"self":[{"href":"https:\/\/www.sincomam.org.br\/index.php\/wp-json\/wp\/v2\/posts\/51084","targetHints":{"allow":["GET"]}}],"collection":[{"href":"https:\/\/www.sincomam.org.br\/index.php\/wp-json\/wp\/v2\/posts"}],"about":[{"href":"https:\/\/www.sincomam.org.br\/index.php\/wp-json\/wp\/v2\/types\/post"}],"author":[{"embeddable":true,"href":"https:\/\/www.sincomam.org.br\/index.php\/wp-json\/wp\/v2\/users\/1527"}],"replies":[{"embeddable":true,"href":"https:\/\/www.sincomam.org.br\/index.php\/wp-json\/wp\/v2\/comments?post=51084"}],"version-history":[{"count":1,"href":"https:\/\/www.sincomam.org.br\/index.php\/wp-json\/wp\/v2\/posts\/51084\/revisions"}],"predecessor-version":[{"id":51086,"href":"https:\/\/www.sincomam.org.br\/index.php\/wp-json\/wp\/v2\/posts\/51084\/revisions\/51086"}],"wp:featuredmedia":[{"embeddable":true,"href":"https:\/\/www.sincomam.org.br\/index.php\/wp-json\/wp\/v2\/media\/51085"}],"wp:attachment":[{"href":"https:\/\/www.sincomam.org.br\/index.php\/wp-json\/wp\/v2\/media?parent=51084"}],"wp:term":[{"taxonomy":"category","embeddable":true,"href":"https:\/\/www.sincomam.org.br\/index.php\/wp-json\/wp\/v2\/categories?post=51084"},{"taxonomy":"post_tag","embeddable":true,"href":"https:\/\/www.sincomam.org.br\/index.php\/wp-json\/wp\/v2\/tags?post=51084"}],"curies":[{"name":"wp","href":"https:\/\/api.w.org\/{rel}","templated":true}]}}