{"id":51039,"date":"2024-04-26T08:05:14","date_gmt":"2024-04-26T11:05:14","guid":{"rendered":"http:\/\/www.sincomam.org.br\/?p=51039"},"modified":"2024-04-26T09:01:39","modified_gmt":"2024-04-26T12:01:39","slug":"brasil-pode-perder-r-37-trilhoes-em-arrecadacao-e-royalties-se-deixar-de-investir-em-petroleo-diz-estatal-de-pesquisa","status":"publish","type":"post","link":"https:\/\/www.sincomam.org.br\/index.php\/brasil-pode-perder-r-37-trilhoes-em-arrecadacao-e-royalties-se-deixar-de-investir-em-petroleo-diz-estatal-de-pesquisa\/","title":{"rendered":"Brasil pode perder R$ 3,7 trilh\u00f5es em arrecada\u00e7\u00e3o e royalties se n\u00e3o investir em petr\u00f3leo"},"content":{"rendered":"<div id=\"chunk-dhf5u\">\n<div class=\"mc-column content-text active-extra-styles active-capital-letter\" data-block-type=\"unstyled\" data-block-weight=\"39\" data-block-id=\"1\">\n<p class=\" content-text__container theme-color-primary-first-letter\" data-track-category=\"Link no Texto\" data-track-links=\"\" data-mrf-recirculation=\"Article links\">O pa\u00eds pode perder R$ 3,7 trilh\u00f5es entre 2032 e 2055 em arrecada\u00e7\u00e3o de impostos e royalties se deixar de investir em explora\u00e7\u00e3o de petr\u00f3leo. Os dados foram apresentados pela estatal Empresa de Pesquisa Energ\u00e9tica (EPE) nesta quarta-feira (24).<\/p>\n<\/div>\n<\/div>\n<div class=\"wall protected-content\">\n<div id=\"chunk-cm6v5\">\n<div class=\"mc-column content-text active-extra-styles \" data-block-type=\"unstyled\" data-block-weight=\"9\" data-block-id=\"3\">\n<p class=\" content-text__container \" data-track-category=\"Link no Texto\" data-track-links=\"\" data-mrf-recirculation=\"Article links\">Segundo a diretora da EPE Heloisa Borges, desse total:<\/p>\n<\/div>\n<\/div>\n<div id=\"chunk-ecov5\">\n<div class=\"mc-column content-text active-extra-styles\" data-block-type=\"raw\" data-block-weight=\"19\" data-block-id=\"4\">\n<ul class=\"content-unordered-list\" data-mrf-recirculation=\"Recomendado\">\n<li><span class=\"highlight highlighted\">R$ 2,91 trilh\u00f5es<\/span>\u00a0se referem aos royalties e participa\u00e7\u00f5es especiais;<\/li>\n<li><span class=\"highlight highlighted\">R$ 824 bilh\u00f5es<\/span>\u00a0se referem a arrecada\u00e7\u00e3o de impostos.<\/li>\n<\/ul>\n<p>&nbsp;<\/p>\n<\/div>\n<\/div>\n<div id=\"chunk-98ev9\">\n<div class=\"mc-column content-text active-extra-styles \" data-block-type=\"unstyled\" data-block-weight=\"21\" data-block-id=\"5\">\n<p class=\" content-text__container \" data-track-category=\"Link no Texto\" data-track-links=\"\" data-mrf-recirculation=\"Article links\">Al\u00e9m disso, haveria uma redu\u00e7\u00e3o de R$ 167,4 bilh\u00f5es no Fundo Social do Pr\u00e9-Sal no per\u00edodo de 2024 a 2055.<\/p>\n<\/div>\n<\/div>\n<div id=\"chunk-83qum\">\n<div class=\"mc-column content-text active-extra-styles \" data-block-type=\"unstyled\" data-block-weight=\"28\" data-block-id=\"6\">\n<p class=\" content-text__container \" data-track-category=\"Link no Texto\" data-track-links=\"\" data-mrf-recirculation=\"Article links\">O Fundo Social \u00e9 mantido por recursos devidos \u00e0 Uni\u00e3o pelos contratos de produ\u00e7\u00e3o de petr\u00f3leo no pr\u00e9-sal, que s\u00e3o destinados a programas e projetos de desenvolvimento social.<\/p>\n<\/div>\n<\/div>\n<div id=\"chunk-966pe\">\n<div class=\"mc-column content-text active-extra-styles \" data-block-type=\"unstyled\" data-block-weight=\"30\" data-block-id=\"7\">\n<p class=\" content-text__container \" data-track-category=\"Link no Texto\" data-track-links=\"\" data-mrf-recirculation=\"Article links\">&#8220;O mote principal aqui \u00e9 que esses recursos de \u00f3leo e g\u00e1s s\u00e3o essenciais para financiar a transi\u00e7\u00e3o energ\u00e9tica&#8221;, disse o secret\u00e1rio de Petr\u00f3leo, G\u00e1s Natural e Biocombust\u00edveis, Pietro Mendes.<\/p>\n<\/div>\n<\/div>\n<div id=\"chunk-a7j02\">\n<div class=\"mc-column content-text active-extra-styles \" data-block-type=\"unstyled\" data-block-weight=\"40\" data-block-id=\"8\">\n<p class=\" content-text__container \" data-track-category=\"Link no Texto\" data-track-links=\"\" data-mrf-recirculation=\"Article links\">O setor de energia \u00e9 respons\u00e1vel por cerca de 4% das emiss\u00f5es de gases de efeito estufa no Brasil. Segundo Borges, \u00e9 poss\u00edvel dobrar a produ\u00e7\u00e3o de petr\u00f3leo no pa\u00eds mantendo o n\u00edvel atual de emiss\u00f5es, com medidas de mitiga\u00e7\u00e3o.<\/p>\n<div id=\"chunk-fcje\">\n<div class=\"mc-column content-text active-extra-styles\" data-block-type=\"raw\" data-block-weight=\"2\" data-block-id=\"11\">\n<div class=\"content-intertitle\">\n<h2>Plano Nacional<\/h2>\n<\/div>\n<p>&nbsp;<\/p>\n<\/div>\n<\/div>\n<div id=\"chunk-a9p39\">\n<div class=\"mc-column content-text active-extra-styles \" data-block-type=\"unstyled\" data-block-weight=\"25\" data-block-id=\"12\">\n<p class=\" content-text__container \" data-track-category=\"Link no Texto\" data-track-links=\"\" data-mrf-recirculation=\"Article links\">O Minist\u00e9rio de Minas e Energia pretende aprovar no Conselho Nacional de Planejamento Energ\u00e9tico (CNPE) uma proposta de cria\u00e7\u00e3o do Plano Nacional de Transi\u00e7\u00e3o Energ\u00e9tica.<\/p>\n<\/div>\n<\/div>\n<div id=\"chunk-24v3d\">\n<div class=\"mc-column content-text active-extra-styles \" data-block-type=\"unstyled\" data-block-weight=\"37\" data-block-id=\"13\">\n<p class=\" content-text__container \" data-track-category=\"Link no Texto\" data-track-links=\"\" data-mrf-recirculation=\"Article links\">&#8220;Estamos levando ao CNPE uma proposta para que possamos ter de maneira estruturada e transparente esse conjunto de medidas que buscam organizar os esfor\u00e7os que precisamos fazer&#8221;, declarou o secret\u00e1rio de Transi\u00e7\u00e3o Energ\u00e9tica da pasta, Thiago Barral.<\/p>\n<\/div>\n<\/div>\n<div id=\"chunk-dgvi4\">\n<div class=\"mc-column content-text active-extra-styles \" data-block-type=\"unstyled\" data-block-weight=\"32\" data-block-id=\"14\">\n<p class=\" content-text__container \" data-track-category=\"Link no Texto\" data-track-links=\"\" data-mrf-recirculation=\"Article links\">A proposta pretende integrar pol\u00edticas e programas ligados \u00e0 descarboniza\u00e7\u00e3o da matriz energ\u00e9tica nacional. Segundo Barral, o BNDES, a EPE, a FGV e a Ag\u00eancia Internacional de Energia s\u00e3o parceiros no projeto.<\/p>\n<\/div>\n<\/div>\n<div id=\"chunk-aegd5\">\n<div class=\"mc-column content-text active-extra-styles \" data-block-type=\"unstyled\" data-block-weight=\"28\" data-block-id=\"15\">\n<p class=\" content-text__container \" data-track-category=\"Link no Texto\" data-track-links=\"\" data-mrf-recirculation=\"Article links\">Segundo a pasta, a transi\u00e7\u00e3o energ\u00e9tica &#8211;ou seja, a substitui\u00e7\u00e3o de fontes poluentes por fontes renov\u00e1veis&#8211; deve ser puxada pelo consumo e n\u00e3o pela redu\u00e7\u00e3o da produ\u00e7\u00e3o.<\/p>\n<\/div>\n<\/div>\n<div data-track-category=\"multicontent\" data-track-action=\"ultimo chunk conteudo\" data-track-noninteraction=\"false\" data-track-scroll=\"view\">\n<div id=\"chunk-ahfsu\">\n<div class=\"mc-column content-text active-extra-styles \" data-block-type=\"unstyled\" data-block-weight=\"43\" data-block-id=\"16\">\n<p class=\" content-text__container \" data-track-category=\"Link no Texto\" data-track-links=\"\" data-mrf-recirculation=\"Article links\">A l\u00f3gica \u00e9 que \u00e0 medida em que o consumo dessas fontes seja reduzido, a produ\u00e7\u00e3o tamb\u00e9m cair\u00e1. Do contr\u00e1rio, o Brasil correria o risco de se tornar um importador de petr\u00f3leo, g\u00e1s e combust\u00edveis f\u00f3sseis para abastecer um consumo que se manteve.<\/p>\n<p data-track-category=\"Link no Texto\" data-track-links=\"\" data-mrf-recirculation=\"Article links\">Fonte: G1<\/p>\n<\/div>\n<\/div>\n<\/div>\n<\/div>\n<\/div>\n<\/div>\n","protected":false},"excerpt":{"rendered":"<p>O pa\u00eds pode perder R$ 3,7 trilh\u00f5es entre 2032 e 2055 em arrecada\u00e7\u00e3o de impostos e royalties se deixar de investir em explora\u00e7\u00e3o de petr\u00f3leo&#8230;.<\/p>\n","protected":false},"author":1527,"featured_media":49807,"comment_status":"closed","ping_status":"closed","sticky":false,"template":"","format":"standard","meta":{"footnotes":""},"categories":[6],"tags":[],"class_list":["post-51039","post","type-post","status-publish","format-standard","has-post-thumbnail","hentry","category-noticias"],"_links":{"self":[{"href":"https:\/\/www.sincomam.org.br\/index.php\/wp-json\/wp\/v2\/posts\/51039","targetHints":{"allow":["GET"]}}],"collection":[{"href":"https:\/\/www.sincomam.org.br\/index.php\/wp-json\/wp\/v2\/posts"}],"about":[{"href":"https:\/\/www.sincomam.org.br\/index.php\/wp-json\/wp\/v2\/types\/post"}],"author":[{"embeddable":true,"href":"https:\/\/www.sincomam.org.br\/index.php\/wp-json\/wp\/v2\/users\/1527"}],"replies":[{"embeddable":true,"href":"https:\/\/www.sincomam.org.br\/index.php\/wp-json\/wp\/v2\/comments?post=51039"}],"version-history":[{"count":2,"href":"https:\/\/www.sincomam.org.br\/index.php\/wp-json\/wp\/v2\/posts\/51039\/revisions"}],"predecessor-version":[{"id":51042,"href":"https:\/\/www.sincomam.org.br\/index.php\/wp-json\/wp\/v2\/posts\/51039\/revisions\/51042"}],"wp:featuredmedia":[{"embeddable":true,"href":"https:\/\/www.sincomam.org.br\/index.php\/wp-json\/wp\/v2\/media\/49807"}],"wp:attachment":[{"href":"https:\/\/www.sincomam.org.br\/index.php\/wp-json\/wp\/v2\/media?parent=51039"}],"wp:term":[{"taxonomy":"category","embeddable":true,"href":"https:\/\/www.sincomam.org.br\/index.php\/wp-json\/wp\/v2\/categories?post=51039"},{"taxonomy":"post_tag","embeddable":true,"href":"https:\/\/www.sincomam.org.br\/index.php\/wp-json\/wp\/v2\/tags?post=51039"}],"curies":[{"name":"wp","href":"https:\/\/api.w.org\/{rel}","templated":true}]}}