{"id":51030,"date":"2024-04-26T07:39:22","date_gmt":"2024-04-26T10:39:22","guid":{"rendered":"http:\/\/www.sincomam.org.br\/?p=51030"},"modified":"2024-04-26T07:39:22","modified_gmt":"2024-04-26T10:39:22","slug":"presidente-do-conselho-de-administracao-da-petrobras-e-reeleito","status":"publish","type":"post","link":"https:\/\/www.sincomam.org.br\/index.php\/presidente-do-conselho-de-administracao-da-petrobras-e-reeleito\/","title":{"rendered":"Presidente do Conselho de Administra\u00e7\u00e3o da Petrobras \u00e9 reeleito"},"content":{"rendered":"<p>O atual presidente do Conselho de Administra\u00e7\u00e3o da Petrobras, Pietro Mendes, foi reeleito para o cargo e exercer\u00e1 um novo mandato por dois anos. Sua manuten\u00e7\u00e3o no posto foi selada nesta quinta-feira (25) durante a assembleia geral ordin\u00e1ria dos acionistas da companhia.<img decoding=\"async\" src=\"https:\/\/agenciabrasil.ebc.com.br\/ebc.png?id=1592454&amp;o=node\" \/><img decoding=\"async\" src=\"https:\/\/agenciabrasil.ebc.com.br\/ebc.gif?id=1592454&amp;o=node\" \/><\/p>\n<p>Pietro Mendes tamb\u00e9m \u00e9 secret\u00e1rio nacional de Petr\u00f3leo, G\u00e1s Natural e Biocombust\u00edveis do Minist\u00e9rio de Minas e Energia (MME). \u00c9 uma nome de confian\u00e7a do ministro Alexandre Silveira.<\/p>\n<p>Ele\u00a0chegou a ficar\u00a0afastado\u00a0do Conselho de Administra\u00e7\u00e3o da Petrobras por alguns dias no in\u00edcio do m\u00eas. O afastamento havia sido determinado no dia 11 de abril pela Justi\u00e7a Federal de S\u00e3o Paulo, que atendeu uma a\u00e7\u00e3o popular promovida pelo deputado estadual Leonardo Siqueira (Novo-SP).<\/p>\n<p>O parlamentar alegou que a nomea\u00e7\u00e3o do secret\u00e1rio feria regras previstas na Lei das Estatais. No entanto, a Advocacia-Geral da Uni\u00e3o (AGU) obteve sucesso com um recurso e a decis\u00e3o foi revertida no dia 16 de abril.<\/p>\n<p>Al\u00e9m de reconduzir Pietro Mendes, a assembleia geral\u00a0manteve no Conselho de Administra\u00e7\u00e3o da Petrobras outros quatro integrantes indicados pelo governo: o atual presidente da companhia, Jean Paul Prates; o secret\u00e1rio especial de An\u00e1lise Governamental da Casa Civil, Bruno Moretti; o secret\u00e1rio de Geologia, Minera\u00e7\u00e3o e Transforma\u00e7\u00e3o Mineral do MME, Vitor Saback; e o advogado Renato Gallupo.<\/p>\n<p>Com os novos mandatos para estes cinco nomes, o governo obteve ainda sucesso na elei\u00e7\u00e3o de Rafael Dubeux, secret\u00e1rio-executivo adjunto do Minist\u00e9rio da Fazenda. Dessa forma, preservou a composi\u00e7\u00e3o majorit\u00e1ria, elegendo seis dos 11 conselheiros.<\/p>\n<p>\u00danica cara nova entre os representantes da Uni\u00e3o no Conselho de Administra\u00e7\u00e3o da Petrobras, Rafael Dubeux ocupar\u00e1 a cadeira deixada pelo ex-ministro de Ci\u00eancia e Tecnologia Sergio Machado Rezende. Sua sa\u00edda do Conselho de Administra\u00e7\u00e3o j\u00e1 era certa, uma vez que ele n\u00e3o era candidato.<\/p>\n<p>Assim como Pietro Mendes, Rezende chegou a ser afastado por decis\u00e3o judicial que acatou argumentos do deputado Leonardo Lima. Da mesma forma, um recurso da AGU foi acolhido e ele retomou ao posto de conselheiro dias depois. Mesmo assim, o governo optou por n\u00e3o lan\u00e7ar sua candidatura \u00e0\u00a0reelei\u00e7\u00e3o.<\/p>\n<p>Os acionistas minorit\u00e1rios reelegeram o investidor Juca Abdalla e os advogados Marcelo Gasparino e Francisco Petros. Um rosto novo foi escolhido pelos detentores de a\u00e7\u00f5es preferenciais: o contabilista Jer\u00f4nimo Antunes. Ele substituir\u00e1 o economista Marcelo Mesquita, que n\u00e3o poderia mais concorrer por j\u00e1 ter cumprido dois mandatos.<\/p>\n<h2>Distribui\u00e7\u00e3o de dividendos<\/h2>\n<p>Antes da elei\u00e7\u00e3o, a assembleia aprovou a proposta de\u00a0distribui\u00e7\u00e3o de R$ 21,95 bilh\u00f5es aos acionistas,\u00a0referente a 50% do valor avaliado para os dividendos extraordin\u00e1rios. Em mar\u00e7o, o Conselho de Administra\u00e7\u00e3o, considerando a previs\u00e3o de novos investimentos e a necessidade de an\u00e1lises detalhadas, anunciou a reten\u00e7\u00e3o de 100% dos dividendos extraordin\u00e1rios, avaliados em R$ 43,9 bilh\u00f5es.<\/p>\n<p>A decis\u00e3o gerou forte queda nas a\u00e7\u00f5es da Petrobras e o assunto tamb\u00e9m se tornou o centro de discuss\u00f5es pol\u00edticas.<\/p>\n<p>Na \u00faltima sexta-feira (19), Conselho de Administra\u00e7\u00e3o reavaliou o cen\u00e1rio. Levando em conta a melhora na capacidade da Petrobras para financiar seus projetos, foi liberado o repasse de 50%.<\/p>\n<h2>Elei\u00e7\u00e3o<\/h2>\n<p>O Conselho de Administra\u00e7\u00e3o da Petrobras \u00e9 o \u00f3rg\u00e3o colegiado superior da companhia, respons\u00e1vel pela tomada das decis\u00f5es estrat\u00e9gicas. Ao todo, \u00e9 composto por 11 integrantes. Os mandatos s\u00e3o de dois anos, permitidas at\u00e9 duas reelei\u00e7\u00f5es por conselheiro.<\/p>\n<p>Das 11 cadeiras, uma \u00e9 ocupada por um representante dos detentores de a\u00e7\u00f5es ordin\u00e1rias e outra por um representante dos detentores de a\u00e7\u00f5es preferenciais. Al\u00e9m disso, um nome \u00e9 escolhido pelos trabalhadores da Petrobras: a atual conselheira, Ros\u00e2ngela Buzanelli, j\u00e1 havia sido reeleita pelos colegas e ficar\u00e1 por mais dois anos.<\/p>\n<p>As outras oito vagas s\u00e3o disputadas. Nomes s\u00e3o indicados tanto por investidores privados como pelo governo, que representa a Uni\u00e3o, o acionista controlador da Petrobras.<\/p>\n<p>Todas essas oito cadeiras eram ocupadas por indicados pelo governo at\u00e9 2020, quando uma mudan\u00e7a no processo de elei\u00e7\u00e3o favoreceu os acionistas minorit\u00e1rios. As novas condi\u00e7\u00f5es permitiram a eles conquistar duas dessas vagas. Desde ent\u00e3o, o governo mant\u00e9m seis cadeiras, o que j\u00e1 \u00e9 suficiente para preservar a composi\u00e7\u00e3o majorit\u00e1ria do\u00a0Conselho de Administra\u00e7\u00e3o.<\/p>\n<p>A lista de candidatos apresentada pelo governo, no entanto, trazia oito nomes. A rela\u00e7\u00e3o inclu\u00eda o advogado Benjamin Rabello Filho e a engenheira de produ\u00e7\u00e3o Ivanyra Correia, que n\u00e3o foram eleitos. Para que fosse poss\u00edvel ampliar sua influ\u00eancia no Conselho de Administra\u00e7\u00e3o, o governo precisaria que pelo menos um deles recebesse o apoio de parte dos acionistas privados.<\/p>\n<p>Fonte: Ag\u00eancia Brasil<\/p>\n","protected":false},"excerpt":{"rendered":"<p>O atual presidente do Conselho de Administra\u00e7\u00e3o da Petrobras, Pietro Mendes, foi reeleito para o cargo e exercer\u00e1 um novo mandato por dois anos. Sua&#8230;<\/p>\n","protected":false},"author":1527,"featured_media":51031,"comment_status":"closed","ping_status":"closed","sticky":false,"template":"","format":"standard","meta":{"footnotes":""},"categories":[6],"tags":[],"class_list":["post-51030","post","type-post","status-publish","format-standard","has-post-thumbnail","hentry","category-noticias"],"_links":{"self":[{"href":"https:\/\/www.sincomam.org.br\/index.php\/wp-json\/wp\/v2\/posts\/51030","targetHints":{"allow":["GET"]}}],"collection":[{"href":"https:\/\/www.sincomam.org.br\/index.php\/wp-json\/wp\/v2\/posts"}],"about":[{"href":"https:\/\/www.sincomam.org.br\/index.php\/wp-json\/wp\/v2\/types\/post"}],"author":[{"embeddable":true,"href":"https:\/\/www.sincomam.org.br\/index.php\/wp-json\/wp\/v2\/users\/1527"}],"replies":[{"embeddable":true,"href":"https:\/\/www.sincomam.org.br\/index.php\/wp-json\/wp\/v2\/comments?post=51030"}],"version-history":[{"count":1,"href":"https:\/\/www.sincomam.org.br\/index.php\/wp-json\/wp\/v2\/posts\/51030\/revisions"}],"predecessor-version":[{"id":51032,"href":"https:\/\/www.sincomam.org.br\/index.php\/wp-json\/wp\/v2\/posts\/51030\/revisions\/51032"}],"wp:featuredmedia":[{"embeddable":true,"href":"https:\/\/www.sincomam.org.br\/index.php\/wp-json\/wp\/v2\/media\/51031"}],"wp:attachment":[{"href":"https:\/\/www.sincomam.org.br\/index.php\/wp-json\/wp\/v2\/media?parent=51030"}],"wp:term":[{"taxonomy":"category","embeddable":true,"href":"https:\/\/www.sincomam.org.br\/index.php\/wp-json\/wp\/v2\/categories?post=51030"},{"taxonomy":"post_tag","embeddable":true,"href":"https:\/\/www.sincomam.org.br\/index.php\/wp-json\/wp\/v2\/tags?post=51030"}],"curies":[{"name":"wp","href":"https:\/\/api.w.org\/{rel}","templated":true}]}}