{"id":51017,"date":"2024-04-25T09:42:41","date_gmt":"2024-04-25T12:42:41","guid":{"rendered":"http:\/\/www.sincomam.org.br\/?p=51017"},"modified":"2024-04-25T09:42:41","modified_gmt":"2024-04-25T12:42:41","slug":"petrobras-faz-assembleia-nesta-quinta-para-decidir-sobre-dividendos-e-novos-integrantes-do-conselho","status":"publish","type":"post","link":"https:\/\/www.sincomam.org.br\/index.php\/petrobras-faz-assembleia-nesta-quinta-para-decidir-sobre-dividendos-e-novos-integrantes-do-conselho\/","title":{"rendered":"Petrobras faz assembleia nesta quinta para decidir sobre dividendos e novos integrantes do conselho"},"content":{"rendered":"<div id=\"chunk-8lmpn\">\n<div class=\"mc-column content-text active-extra-styles \" data-block-type=\"unstyled\" data-block-weight=\"41\" data-block-id=\"2\">\n<p class=\" content-text__container \" data-track-category=\"Link no Texto\" data-track-links=\"\" data-mrf-recirculation=\"Article links\">O Conselho de Administra\u00e7\u00e3o da\u00a0Petrobras\u00a0se re\u00fane nesta quinta-feira (25), em assembleia geral dos acionistas, para decidir sobre a\u00a0<span class=\"highlight highlighted\">proposta de distribui\u00e7\u00e3o de 50% dos dividendos extraordin\u00e1rios\u00a0<\/span>da estatal. Na mesma ocasi\u00e3o, ocorrem elei\u00e7\u00f5es dos novos integrantes do conselho.<\/p>\n<\/div>\n<\/div>\n<div class=\"wall protected-content\">\n<div id=\"chunk-733fm\">\n<div class=\"mc-column content-text active-extra-styles \" data-block-type=\"unstyled\" data-block-weight=\"37\" data-block-id=\"4\">\n<p class=\" content-text__container \" data-track-category=\"Link no Texto\" data-track-links=\"\" data-mrf-recirculation=\"Article links\">Os dividendos s\u00e3o uma parcela do lucro da empresa que \u00e9 repartida entre os acionistas. No caso dos extraordin\u00e1rios, eles s\u00e3o aqueles pagos al\u00e9m do m\u00ednimo obrigat\u00f3rio. Ou seja,\u00a0a empresa n\u00e3o tem que pag\u00e1-los necessariamente.<\/p>\n<\/div>\n<\/div>\n<div id=\"chunk-1c1iq\">\n<div class=\"mc-column content-text active-extra-styles \" data-block-type=\"unstyled\" data-block-weight=\"47\" data-block-id=\"5\">\n<p class=\" content-text__container \" data-track-category=\"Link no Texto\" data-track-links=\"\" data-mrf-recirculation=\"Article links\">E foi justamente a decis\u00e3o de n\u00e3o pagar esses dividendos extras que gerou pol\u00eamica para o governo federal durante uma vota\u00e7\u00e3o no in\u00edcio de mar\u00e7o, e fez com que as a\u00e7\u00f5es da Petrobras despencassem\u00a010% na bolsa de valores brasileira\u00a0em apenas um dia.<\/p>\n<div id=\"chunk-4c3bk\">\n<div class=\"mc-column content-text active-extra-styles \" data-block-type=\"unstyled\" data-block-weight=\"44\" data-block-id=\"8\">\n<p class=\" content-text__container \" data-track-category=\"Link no Texto\" data-track-links=\"\" data-mrf-recirculation=\"Article links\">No entanto, na \u00faltima reuni\u00e3o do Conselho de Administra\u00e7\u00e3o \u2014 realizada na \u00faltima sexta-feira (19) \u2014 o colegiado\u00a0<span class=\"highlight highlighted\">entendeu que a capacidade de financiamento dos projetos da Petrobras subiu de 65% para 85%,\u00a0<\/span>isso em raz\u00e3o do aumento do pre\u00e7o do barril do petr\u00f3leo.<\/p>\n<\/div>\n<\/div>\n<div id=\"chunk-3uekh\">\n<div class=\"mc-column content-text active-extra-styles \" data-block-type=\"unstyled\" data-block-weight=\"20\" data-block-id=\"9\">\n<p class=\" content-text__container \" data-track-category=\"Link no Texto\" data-track-links=\"\" data-mrf-recirculation=\"Article links\">E, por conta disso, o conselho\u00a0n\u00e3o se op\u00f4s \u00e0 proposta da diretoria de pagar os dividendos extraordin\u00e1rios em 50%.<\/p>\n<\/div>\n<\/div>\n<div id=\"chunk-dr6l0\">\n<div class=\"mc-column content-text active-extra-styles \" data-block-type=\"unstyled\" data-block-weight=\"26\" data-block-id=\"10\">\n<p class=\" content-text__container \" data-track-category=\"Link no Texto\" data-track-links=\"\" data-mrf-recirculation=\"Article links\">Na reuni\u00e3o da semana passada, o Conselho entendeu que fatores como a alta no pre\u00e7o do petr\u00f3leo aumentaram a capacidade de financiamento dos projetos da Petrobras.<\/p>\n<\/div>\n<\/div>\n<div id=\"chunk-bepii\">\n<div class=\"mc-column content-text active-extra-styles\" data-block-type=\"raw\" data-block-weight=\"3\" data-block-id=\"11\">\n<p class=\"content-text__container\" data-mrf-recirculation=\"Article links\"><strong>Pol\u00eamica dos dividendos<\/strong><\/p>\n<p>Em 7 mar\u00e7o, o Conselho de Administra\u00e7\u00e3o da Petrobras decidiu <span class=\"highlight highlighted\">reter o pagamento de todos os dividendos extraordin\u00e1rios<\/span>. A decis\u00e3o ocorreu ap\u00f3s a divulga\u00e7\u00e3o do\u00a0resultado do quarto trimestre de 2023 da empresa.<\/p>\n<\/div>\n<\/div>\n<div id=\"chunk-6p0jr\">\n<div class=\"mc-column content-text active-extra-styles \" data-block-type=\"unstyled\" data-block-weight=\"33\" data-block-id=\"12\">\n<div id=\"chunk-l4e3\">\n<div class=\"mc-column content-text active-extra-styles \" data-block-type=\"unstyled\" data-block-weight=\"23\" data-block-id=\"14\">\n<p class=\" content-text__container \" data-track-category=\"Link no Texto\" data-track-links=\"\" data-mrf-recirculation=\"Article links\">Foram anunciados R$ 14,2 bilh\u00f5es em dividendos para o trimestre, dentro do modelo de pagamento m\u00ednimo da companhia,\u00a0o que gerou pol\u00eamica.<\/p>\n<\/div>\n<\/div>\n<div id=\"chunk-7eut4\">\n<div class=\"mc-column content-text active-extra-styles \" data-block-type=\"unstyled\" data-block-weight=\"33\" data-block-id=\"15\">\n<p class=\" content-text__container \" data-track-category=\"Link no Texto\" data-track-links=\"\" data-mrf-recirculation=\"Article links\">A diretoria da Petrobras chegou a propor o pagamento de metade dos dividendos extraordin\u00e1rios, mas, na \u00e9poca, os representantes do governo no Conselho de Administra\u00e7\u00e3o votaram contra a proposta, que acabou rejeitada.<\/p>\n<\/div>\n<\/div>\n<div id=\"chunk-e0s52\">\n<div class=\"mc-column content-text active-extra-styles \" data-block-type=\"unstyled\" data-block-weight=\"28\" data-block-id=\"17\">\n<p class=\" content-text__container \" data-track-category=\"Link no Texto\" data-track-links=\"\" data-mrf-recirculation=\"Article links\">A estrat\u00e9gia do governo ao n\u00e3o pagar os extraordin\u00e1rios foi fortalecer o cofre. Essa verba n\u00e3o pode ser usada para investimento, mas fica numa caixa de conting\u00eancia.<\/p>\n<\/div>\n<\/div>\n<div id=\"chunk-ca6hm\">\n<div class=\"mc-column content-text active-extra-styles \" data-block-type=\"unstyled\" data-block-weight=\"26\" data-block-id=\"18\">\n<p class=\" content-text__container \" data-track-category=\"Link no Texto\" data-track-links=\"\" data-mrf-recirculation=\"Article links\">Dessa forma,\u00a0o governo entendeu que passaria para o mercado uma imagem de robustez, ainda mais num momento em que a Petrobras busca financiamentos para investimentos.<\/p>\n<\/div>\n<\/div>\n<div id=\"chunk-514ig\">\n<div class=\"mc-column content-text active-extra-styles \" data-block-type=\"unstyled\" data-block-weight=\"29\" data-block-id=\"19\">\n<p class=\" content-text__container \" data-track-category=\"Link no Texto\" data-track-links=\"\" data-mrf-recirculation=\"Article links\">Mas, por outro lado, o mercado interpreta o n\u00e3o pagamento dos dividendos extraordin\u00e1rios como uma menor atratividade dos papeis da empresa, o que fez os pre\u00e7os das a\u00e7\u00f5es despencarem.<\/p>\n<\/div>\n<\/div>\n<div id=\"chunk-d4f2g\">\n<div class=\"mc-column content-text active-extra-styles \" data-block-type=\"unstyled\" data-block-weight=\"26\" data-block-id=\"20\">\n<p class=\" content-text__container \" data-track-category=\"Link no Texto\" data-track-links=\"\" data-mrf-recirculation=\"Article links\">No dia seguinte \u00e0 pol\u00eamica envolvendo esses dividendos, as a\u00e7\u00f5es da Petrobras tiveram queda de 10% na bolsa de valores brasileira em apenas um dia.<\/p>\n<\/div>\n<\/div>\n<div id=\"chunk-cig70\">\n<div class=\"mc-column content-text active-extra-styles \" data-block-type=\"unstyled\" data-block-weight=\"21\" data-block-id=\"21\">\n<p class=\" content-text__container \" data-track-category=\"Link no Texto\" data-track-links=\"\" data-mrf-recirculation=\"Article links\">A decis\u00e3o tamb\u00e9m fez com que o governo fosse criticado pelo mercado e por analistas por uma suposta interfer\u00eancia na Petrobras.<\/p>\n<div id=\"chunk-d4uhi\">\n<div class=\"mc-column content-text active-extra-styles\" data-block-type=\"raw\" data-block-weight=\"4\" data-block-id=\"39\">\n<div class=\"content-intertitle\">\n<h2>Elei\u00e7\u00f5es para o conselho<\/h2>\n<\/div>\n<p>A Uni\u00e3o \u00e9 a principal acionista da Petrobras. E, em 20 de mar\u00e7o, a empresa anunciou os nomes de oito indicados\u00a0pelo governo ao Conselho de Administra\u00e7\u00e3o da estatal.<\/p>\n<\/div>\n<\/div>\n<div id=\"chunk-4390s\">\n<div class=\"mc-column content-text active-extra-styles \" data-block-type=\"unstyled\" data-block-weight=\"17\" data-block-id=\"41\">\n<p class=\" content-text__container \" data-track-category=\"Link no Texto\" data-track-links=\"\" data-mrf-recirculation=\"Article links\">A elei\u00e7\u00e3o ocorre nesta quinta, durante a assembleia geral dos acionistas, que tamb\u00e9m vai tratar dos dividendos.<\/p>\n<\/div>\n<\/div>\n<div id=\"chunk-6ta6p\">\n<div class=\"mc-column content-text active-extra-styles \" data-block-type=\"unstyled\" data-block-weight=\"10\" data-block-id=\"42\">\n<p class=\" content-text__container \" data-track-category=\"Link no Texto\" data-track-links=\"\" data-mrf-recirculation=\"Article links\">Os nomes indicados pela Uni\u00e3o para compor o conselho foram:<\/p>\n<\/div>\n<\/div>\n<div id=\"chunk-5tvth\">\n<div class=\"mc-column content-text active-extra-styles\" data-block-type=\"raw\" data-block-weight=\"61\" data-block-id=\"43\">\n<ul class=\"content-unordered-list\" data-mrf-recirculation=\"Recomendado\">\n<li>Pietro Abramo Sampaio Mendes: presidente do Conselho de Administra\u00e7\u00e3o<\/li>\n<li>Jean Paul Prattes: presidente da empresa (cargo que j\u00e1 exerce) e membro do Conselho de Administra\u00e7\u00e3o<\/li>\n<li>Benjamin Alves Rabello Filho: membro do conselho<\/li>\n<li>Rafael Dubeux (atual secret\u00e1rio-executivo adjunto do Minist\u00e9rio da Fazenda): membro do conselho<\/li>\n<li>Bruno Moretti: membro do conselho<\/li>\n<li>Ivanyra Maura de Medeiros: membro do conselho<\/li>\n<li>Renato Campos Galuppo<\/li>\n<li>Vitor Saback<\/li>\n<\/ul>\n<p>Fonte: G1<\/p>\n<\/div>\n<\/div>\n<\/div>\n<\/div>\n<\/div>\n<\/div>\n<\/div>\n<\/div>\n<\/div>\n","protected":false},"excerpt":{"rendered":"<p>O Conselho de Administra\u00e7\u00e3o da\u00a0Petrobras\u00a0se re\u00fane nesta quinta-feira (25), em assembleia geral dos acionistas, para decidir sobre a\u00a0proposta de distribui\u00e7\u00e3o de 50% dos dividendos extraordin\u00e1rios\u00a0da&#8230;<\/p>\n","protected":false},"author":1527,"featured_media":51018,"comment_status":"closed","ping_status":"closed","sticky":false,"template":"","format":"standard","meta":{"footnotes":""},"categories":[6],"tags":[],"class_list":["post-51017","post","type-post","status-publish","format-standard","has-post-thumbnail","hentry","category-noticias"],"_links":{"self":[{"href":"https:\/\/www.sincomam.org.br\/index.php\/wp-json\/wp\/v2\/posts\/51017","targetHints":{"allow":["GET"]}}],"collection":[{"href":"https:\/\/www.sincomam.org.br\/index.php\/wp-json\/wp\/v2\/posts"}],"about":[{"href":"https:\/\/www.sincomam.org.br\/index.php\/wp-json\/wp\/v2\/types\/post"}],"author":[{"embeddable":true,"href":"https:\/\/www.sincomam.org.br\/index.php\/wp-json\/wp\/v2\/users\/1527"}],"replies":[{"embeddable":true,"href":"https:\/\/www.sincomam.org.br\/index.php\/wp-json\/wp\/v2\/comments?post=51017"}],"version-history":[{"count":1,"href":"https:\/\/www.sincomam.org.br\/index.php\/wp-json\/wp\/v2\/posts\/51017\/revisions"}],"predecessor-version":[{"id":51019,"href":"https:\/\/www.sincomam.org.br\/index.php\/wp-json\/wp\/v2\/posts\/51017\/revisions\/51019"}],"wp:featuredmedia":[{"embeddable":true,"href":"https:\/\/www.sincomam.org.br\/index.php\/wp-json\/wp\/v2\/media\/51018"}],"wp:attachment":[{"href":"https:\/\/www.sincomam.org.br\/index.php\/wp-json\/wp\/v2\/media?parent=51017"}],"wp:term":[{"taxonomy":"category","embeddable":true,"href":"https:\/\/www.sincomam.org.br\/index.php\/wp-json\/wp\/v2\/categories?post=51017"},{"taxonomy":"post_tag","embeddable":true,"href":"https:\/\/www.sincomam.org.br\/index.php\/wp-json\/wp\/v2\/tags?post=51017"}],"curies":[{"name":"wp","href":"https:\/\/api.w.org\/{rel}","templated":true}]}}