{"id":5101,"date":"2014-04-25T08:30:54","date_gmt":"2014-04-25T11:30:54","guid":{"rendered":"http:\/\/www.sincomam.org.br\/?p=5101"},"modified":"2014-04-24T18:37:18","modified_gmt":"2014-04-24T21:37:18","slug":"funcionarios-da-eletrobras-iniciam-greve-de-dois-dias-em-todo-brasil","status":"publish","type":"post","link":"https:\/\/www.sincomam.org.br\/index.php\/funcionarios-da-eletrobras-iniciam-greve-de-dois-dias-em-todo-brasil\/","title":{"rendered":"Funcion\u00e1rios da Eletrobras iniciam greve de dois dias em todo Brasil"},"content":{"rendered":"<p><b><i>Paralisa\u00e7\u00e3o acontece desde 0h desta quinta-feira em todas as subsidi\u00e1rias da estatal<\/i><\/b><\/p>\n<p>Desde o in\u00edcio da madrugada desta quinta-feira (24), funcion\u00e1rios do grupo Eletrobras iniciaram uma greve de dois dias em todo o Brasil. Segundo os organizadores, o per\u00edodo de greve acontece em fun\u00e7\u00e3o do \u2018desmonte\u2019 da estrutura operacional da estatal de energia, al\u00e9m de cobrar o pagamento de benef\u00edcios garantidos aos trabalhadores, como a participa\u00e7\u00e3o nos lucros da companhia.<\/p>\n<p>Com a greve, as subsidi\u00e1rias de energia Eletronorte, Chesf, Itaipu, Eletrosul, Cepel, Eletrobras, Eletronuclear e Furnas funcionar\u00e3o de forma parcial nos pr\u00f3ximos dias. Mesmo com a ades\u00e3o de parte da categoria, a Eletrobras, em comunicado, garante que &#8220;as suas subsidi\u00e1rias est\u00e3o prontas a adotar as medidas contingenciais necess\u00e1rias \u00e0 manuten\u00e7\u00e3o fornecimento de energia el\u00e9trica \u00e0 popula\u00e7\u00e3o, bem como das atividades essenciais das empresas\u201d.<\/p>\n<p>Segundo os funcion\u00e1rios, desde o ano passado, medidas do governo e da dire\u00e7\u00e3o da empresa est\u00e3o enfraquecendo a Eletrobras financeiramente. Uma das causas para a escassez de recursos est\u00e1 no novo acordo de indeniza\u00e7\u00f5es imposto pela Medida Provis\u00f3ria (MP) 579, que prev\u00ea novas regras para renova\u00e7\u00f5es de concess\u00f5es com fim entre 2015 e 2017.<\/p>\n<p>\u2014 O sistema Eletrobras est\u00e1 sem recursos. Em todas as empresas, cerca de 4 mil trabalhadores foram demitidos. Setores operacionais, que antes contavam com 10 trabalhadores, hoje operam com dois ou tr\u00eas. Temos menos pessoal e mais demanda. O servi\u00e7o fica precarizado e a empresa n\u00e3o vislumbra qualquer renova\u00e7\u00e3o de pessoal \u2014 explicou Emanuel Mendes Torres, diretor da Associa\u00e7\u00e3o dos Empregados da Eletrobras (Aeel) e presidente do Sindicato dos Trabalhadores nas Empresas de Energia do Rio de Janeiro e Regi\u00e3o.<\/p>\n<p><b>Preju\u00edzo <\/b><\/p>\n<p>Os sindicalistas afirmam que aguardam um convite do governo federal e da dire\u00e7\u00e3o da Eletrobras para que negocia\u00e7\u00f5es sobre investimentos na empresa sejam realizados nos pr\u00f3ximos meses. Outro fator importante, afirmam, est\u00e1 na realiza\u00e7\u00e3o de concursos para refor\u00e7ar o efetivo das empresas.<\/p>\n<p>Caso nenhuma negocia\u00e7\u00e3o seja aberta, um encontro, marcado para o pr\u00f3ximo dia 30 em Bras\u00edlia, reunindo sindicatos estaduais e o coletivo nacional da categoria, definir\u00e1 se voltam a fazer greve, desta vez, por tempo indeterminado.<\/p>\n<p>Nos \u00faltimos anos, a Eletrobras registra preju\u00edzos seguidos em seus resultados financeiros. Em 2012, a conta ficou negativa em R$ 6,9 bilh\u00f5es. J\u00e1 no ano passado, o d\u00e9ficit foi de R$ 6,3 bilh\u00f5es. Al\u00e9m dos preju\u00edzos seguidos, a receita l\u00edquida da empresa registra recuo ano a ano. De 2012 para 2013, a receita caiu quase 15%, somando R$ 23,8 bilh\u00f5es.<\/p>\n<p>Questionada sobre as demandas do movimento grevista, a Eletrobras afirmou que, em 2013, um Acordo Coletivo de Trabalho Nacional, v\u00e1lido por dois anos, foi assinado com todas as entidades sindicais. A empresa ainda frisou que a atual reivindica\u00e7\u00e3o dos funcion\u00e1rios recai sobre a participa\u00e7\u00e3o nos lucros da companhia, ponto que \u00e9 negociado ano a ano.<\/p>\n<p>Fonte: Globo Economia<\/p>\n","protected":false},"excerpt":{"rendered":"<p>Paralisa\u00e7\u00e3o acontece desde 0h desta quinta-feira em todas as subsidi\u00e1rias da estatal Desde o in\u00edcio da madrugada desta quinta-feira (24), funcion\u00e1rios do grupo Eletrobras iniciaram&#8230;<\/p>\n","protected":false},"author":1182,"featured_media":5103,"comment_status":"closed","ping_status":"closed","sticky":false,"template":"","format":"standard","meta":{"footnotes":""},"categories":[6],"tags":[61,1015,217,244],"class_list":["post-5101","post","type-post","status-publish","format-standard","has-post-thumbnail","hentry","category-noticias","tag-brasil","tag-eletrobras","tag-funcionarios","tag-greve"],"_links":{"self":[{"href":"https:\/\/www.sincomam.org.br\/index.php\/wp-json\/wp\/v2\/posts\/5101","targetHints":{"allow":["GET"]}}],"collection":[{"href":"https:\/\/www.sincomam.org.br\/index.php\/wp-json\/wp\/v2\/posts"}],"about":[{"href":"https:\/\/www.sincomam.org.br\/index.php\/wp-json\/wp\/v2\/types\/post"}],"author":[{"embeddable":true,"href":"https:\/\/www.sincomam.org.br\/index.php\/wp-json\/wp\/v2\/users\/1182"}],"replies":[{"embeddable":true,"href":"https:\/\/www.sincomam.org.br\/index.php\/wp-json\/wp\/v2\/comments?post=5101"}],"version-history":[{"count":1,"href":"https:\/\/www.sincomam.org.br\/index.php\/wp-json\/wp\/v2\/posts\/5101\/revisions"}],"predecessor-version":[{"id":5104,"href":"https:\/\/www.sincomam.org.br\/index.php\/wp-json\/wp\/v2\/posts\/5101\/revisions\/5104"}],"wp:featuredmedia":[{"embeddable":true,"href":"https:\/\/www.sincomam.org.br\/index.php\/wp-json\/wp\/v2\/media\/5103"}],"wp:attachment":[{"href":"https:\/\/www.sincomam.org.br\/index.php\/wp-json\/wp\/v2\/media?parent=5101"}],"wp:term":[{"taxonomy":"category","embeddable":true,"href":"https:\/\/www.sincomam.org.br\/index.php\/wp-json\/wp\/v2\/categories?post=5101"},{"taxonomy":"post_tag","embeddable":true,"href":"https:\/\/www.sincomam.org.br\/index.php\/wp-json\/wp\/v2\/tags?post=5101"}],"curies":[{"name":"wp","href":"https:\/\/api.w.org\/{rel}","templated":true}]}}