{"id":50984,"date":"2024-04-24T07:31:47","date_gmt":"2024-04-24T10:31:47","guid":{"rendered":"http:\/\/www.sincomam.org.br\/?p=50984"},"modified":"2024-04-24T07:31:47","modified_gmt":"2024-04-24T10:31:47","slug":"comissao-de-infraestrutura-volta-a-debater-combustiveis-do-futuro-nesta-quinta","status":"publish","type":"post","link":"https:\/\/www.sincomam.org.br\/index.php\/comissao-de-infraestrutura-volta-a-debater-combustiveis-do-futuro-nesta-quinta\/","title":{"rendered":"Comiss\u00e3o de Infraestrutura volta a debater combust\u00edveis do futuro nesta quinta"},"content":{"rendered":"<p>A Comiss\u00e3o de Infraestrutura da C\u00e2mara faz nesta quinta-feira (25), \u00e0s 9h, a segunda audi\u00eancia p\u00fablica para debater o Projeto de Lei (PL) 528\/2020, conhecido como projeto dos combust\u00edveis do futuro, com enfoque no biog\u00e1s. O texto prev\u00ea a cria\u00e7\u00e3o dos programas nacionais de diesel verde, biometano e combust\u00edvel sustent\u00e1vel para avia\u00e7\u00e3o, al\u00e9m do aumento da mistura de etanol e de biodiesel \u00e0 gasolina e ao diesel.<\/p>\n<p>O relator da proposta \u00e9 o senador Veneziano Vital do R\u00eago (MDB-PB), que prop\u00f4s o debate. O projeto de lei, j\u00e1 aprovado na C\u00e2mara, \u00e9 considerado uma das prioridades do Senado para o ano de 2024.<\/p>\n<p>O debate contar\u00e1 com as presen\u00e7as, j\u00e1 confirmadas, dos seguintes convidados: presidente da Abiog\u00e1s (Associa\u00e7\u00e3o Brasileira do Biog\u00e1s), Renata Isfer; presidente-executivo da Abividro (Associa\u00e7\u00e3o Brasileira das Ind\u00fastrias de Vidro), Lucien Belmonte; diretora da Secretaria do Desenvolvimento, Ind\u00fastria e Com\u00e9rcio do Minist\u00e9rio do Desenvolvimento, Ind\u00fastria, Com\u00e9rcio e Servi\u00e7os, Margarete Gandini; superintendente de Meio Ambiente e Sustentabilidade da Confedera\u00e7\u00e3o Nacional da Ind\u00fastria (CNI), Davi Bomtempo; diretor t\u00e9cnico e comercial da Associa\u00e7\u00e3o Brasileira das Empresas Distribuidoras de G\u00e1s Canalizado (Abeg\u00e1s), Marcelo Mendon\u00e7a; presidente da Associa\u00e7\u00e3o Brasileira da Ind\u00fastria Qu\u00edmica (Abiquim), Andr\u00e9 Passos Cordeiro.<\/p>\n<p>A comiss\u00e3o ainda aguarda a confirma\u00e7\u00e3o de convites encaminhados a representantes do Minist\u00e9rio da Fazenda, do Minist\u00e9rio de Minas e Energia, da Petrobras e do Instituto Brasileiro de Petr\u00f3leo e G\u00e1s (IBP).<\/p>\n<p>A primeira audi\u00eancia p\u00fablica sobre o PL 528\/2020 foi feita pela CI em 16 de abril, com a participa\u00e7\u00e3o de representantes da Petrobras,\u00a0da Associa\u00e7\u00e3o Brasileira das Empresas A\u00e9reas (Abear), do Instituto Brasileiro de Petr\u00f3leo e G\u00e1s (IBP), do Sindicato Nacional das Empresas Distribuidoras de Combust\u00edvel e de Lubrificantes (Sindicom), da Confedera\u00e7\u00e3o Nacional do Transporte (CNT), do Minist\u00e9rio da Fazenda e do Minist\u00e9rio de Minas e Energia. Tamb\u00e9m participaram representantes da Associa\u00e7\u00e3o Brasileira das Ind\u00fastrias de \u00d3leos Vegetais (Abiove), da Uni\u00e3o Brasileira do Biodiesel e Bioquerosene (Ubrabio), da Associa\u00e7\u00e3o dos Produtores de Biocombust\u00edveis do Brasil (Aprobio) e da Uni\u00e3o da Ind\u00fastria de Cana-de-A\u00e7\u00facar e Bioenergia (Unica).<\/p>\n<p>A reuni\u00e3o desta quinta ser\u00e1 na sala 13 da Ala Alexandre Costa.<\/p>\n<p>Fonte: Ag\u00eancia Senado<\/p>\n<p>&nbsp;<\/p>\n","protected":false},"excerpt":{"rendered":"<p>A Comiss\u00e3o de Infraestrutura da C\u00e2mara faz nesta quinta-feira (25), \u00e0s 9h, a segunda audi\u00eancia p\u00fablica para debater o Projeto de Lei (PL) 528\/2020, conhecido&#8230;<\/p>\n","protected":false},"author":1527,"featured_media":50985,"comment_status":"closed","ping_status":"closed","sticky":false,"template":"","format":"standard","meta":{"footnotes":""},"categories":[6],"tags":[],"class_list":["post-50984","post","type-post","status-publish","format-standard","has-post-thumbnail","hentry","category-noticias"],"_links":{"self":[{"href":"https:\/\/www.sincomam.org.br\/index.php\/wp-json\/wp\/v2\/posts\/50984","targetHints":{"allow":["GET"]}}],"collection":[{"href":"https:\/\/www.sincomam.org.br\/index.php\/wp-json\/wp\/v2\/posts"}],"about":[{"href":"https:\/\/www.sincomam.org.br\/index.php\/wp-json\/wp\/v2\/types\/post"}],"author":[{"embeddable":true,"href":"https:\/\/www.sincomam.org.br\/index.php\/wp-json\/wp\/v2\/users\/1527"}],"replies":[{"embeddable":true,"href":"https:\/\/www.sincomam.org.br\/index.php\/wp-json\/wp\/v2\/comments?post=50984"}],"version-history":[{"count":1,"href":"https:\/\/www.sincomam.org.br\/index.php\/wp-json\/wp\/v2\/posts\/50984\/revisions"}],"predecessor-version":[{"id":50986,"href":"https:\/\/www.sincomam.org.br\/index.php\/wp-json\/wp\/v2\/posts\/50984\/revisions\/50986"}],"wp:featuredmedia":[{"embeddable":true,"href":"https:\/\/www.sincomam.org.br\/index.php\/wp-json\/wp\/v2\/media\/50985"}],"wp:attachment":[{"href":"https:\/\/www.sincomam.org.br\/index.php\/wp-json\/wp\/v2\/media?parent=50984"}],"wp:term":[{"taxonomy":"category","embeddable":true,"href":"https:\/\/www.sincomam.org.br\/index.php\/wp-json\/wp\/v2\/categories?post=50984"},{"taxonomy":"post_tag","embeddable":true,"href":"https:\/\/www.sincomam.org.br\/index.php\/wp-json\/wp\/v2\/tags?post=50984"}],"curies":[{"name":"wp","href":"https:\/\/api.w.org\/{rel}","templated":true}]}}