{"id":5094,"date":"2014-04-25T08:14:01","date_gmt":"2014-04-25T11:14:01","guid":{"rendered":"http:\/\/www.sincomam.org.br\/?p=5094"},"modified":"2014-04-24T18:17:28","modified_gmt":"2014-04-24T21:17:28","slug":"governo-desiste-de-recorrer-ao-stf-e-vai-indicar-logo-os-nomes-para-cpi-da-petrobras","status":"publish","type":"post","link":"https:\/\/www.sincomam.org.br\/index.php\/governo-desiste-de-recorrer-ao-stf-e-vai-indicar-logo-os-nomes-para-cpi-da-petrobras\/","title":{"rendered":"Governo desiste de recorrer ao STF e vai indicar logo os nomes para CPI da Petrobras"},"content":{"rendered":"<p><b><i>Planalto n\u00e3o acredita que Supremo reforme a liminar da ministra Rosa Weber e a ordem \u00e9 evitar a CPI mista<\/i><\/b><\/p>\n<p>A c\u00fapula pol\u00edtica do governo n\u00e3o cr\u00ea que o pleno do STF reforme a decis\u00e3o liminar na ministra Rosa Weber. Por isso, alguns de seus integrantes querem que a CPI da Petrobras comece a funcionar o quanto antes. Acreditam que s\u00e3o grandes as chances da CPI ser Mista, porque os deputados n\u00e3o aceitar\u00e3o ficar de fora. Mas o governo vai tentar evitar que isso ocorra e a ordem \u00e9 indicar logo os nomes no Senado e instalar a comiss\u00e3o.<\/p>\n<p>A tarefa pol\u00edtica dos l\u00edderes governistas a partir de agora \u00e9 quanto a indica\u00e7\u00e3o dos integrantes da CPI. Um deles comentou que &#8220;tem gente na base que \u00e9 da base mas n\u00e3o \u00e9&#8221;. A composi\u00e7\u00e3o da comiss\u00e3o, de acordo com o regimento, ser\u00e1 de 10 senadores de partidos governistas e tr\u00eas da oposi\u00e7\u00e3o. Se ela for Mista, ser\u00e3o acrescidos 10 deputados aliados e tr\u00eas a oposi\u00e7\u00e3o. Em tese ser\u00e3o 20 votos contra seis, mas a oposi\u00e7\u00e3o pode ter mais votos em virtude de defec\u00e7\u00f5es entre os aliados.<\/p>\n<p>Os governistas acreditam que &#8220;a maioria vai manifestar sua vontade no interior da CPI&#8221;. E h\u00e1 os que n\u00e3o d\u00e3o tanta import\u00e2ncia ao seu funcionamento, sob o argumento de que a CPI j\u00e1 \u00e9 uma realidade e j\u00e1 est\u00e1 a pleno vapor nas p\u00e1ginas da imprensa. &#8220;N\u00e3o d\u00e1 para deixar funcionar s\u00f3 a CPI da imprensa&#8221;, disse um l\u00edder aliado.<\/p>\n<p>A bancada do governo tem dito que vai instalar outras CPIs, principalmente a que trata da Alstom e do Metr\u00f4 de S\u00e3o Paulo, buscando atingir o PSDB. Na vis\u00e3o do Planalto, o que n\u00e3o d\u00e1 \u00e9 para investigar s\u00f3 a Petrobras. O l\u00edder do PSB no Senado, Rodrigo Rollemberg (DF), foi a tribuna do Senado dizer que o objeto da CPI da Petrobras est\u00e1 determinado a um \u00fanico fato determinado: a refinaria de Pasadena. O socialista se antecipa a tentativa dos petistas de incluir a refinaria de Abreu e Lima, em Pernambuco, por tratar-se de uma refinaria da Petrobras.<\/p>\n<p>Fonte: O Globo<\/p>\n","protected":false},"excerpt":{"rendered":"<p>Planalto n\u00e3o acredita que Supremo reforme a liminar da ministra Rosa Weber e a ordem \u00e9 evitar a CPI mista A c\u00fapula pol\u00edtica do governo&#8230;<\/p>\n","protected":false},"author":1182,"featured_media":0,"comment_status":"closed","ping_status":"closed","sticky":false,"template":"","format":"standard","meta":{"footnotes":""},"categories":[6],"tags":[831,192,811,58,108,999,1014],"class_list":["post-5094","post","type-post","status-publish","format-standard","hentry","category-noticias","tag-cpi","tag-governo","tag-pasadena","tag-petrobras","tag-refinaria","tag-rosa-weber","tag-stf"],"_links":{"self":[{"href":"https:\/\/www.sincomam.org.br\/index.php\/wp-json\/wp\/v2\/posts\/5094","targetHints":{"allow":["GET"]}}],"collection":[{"href":"https:\/\/www.sincomam.org.br\/index.php\/wp-json\/wp\/v2\/posts"}],"about":[{"href":"https:\/\/www.sincomam.org.br\/index.php\/wp-json\/wp\/v2\/types\/post"}],"author":[{"embeddable":true,"href":"https:\/\/www.sincomam.org.br\/index.php\/wp-json\/wp\/v2\/users\/1182"}],"replies":[{"embeddable":true,"href":"https:\/\/www.sincomam.org.br\/index.php\/wp-json\/wp\/v2\/comments?post=5094"}],"version-history":[{"count":1,"href":"https:\/\/www.sincomam.org.br\/index.php\/wp-json\/wp\/v2\/posts\/5094\/revisions"}],"predecessor-version":[{"id":5095,"href":"https:\/\/www.sincomam.org.br\/index.php\/wp-json\/wp\/v2\/posts\/5094\/revisions\/5095"}],"wp:attachment":[{"href":"https:\/\/www.sincomam.org.br\/index.php\/wp-json\/wp\/v2\/media?parent=5094"}],"wp:term":[{"taxonomy":"category","embeddable":true,"href":"https:\/\/www.sincomam.org.br\/index.php\/wp-json\/wp\/v2\/categories?post=5094"},{"taxonomy":"post_tag","embeddable":true,"href":"https:\/\/www.sincomam.org.br\/index.php\/wp-json\/wp\/v2\/tags?post=5094"}],"curies":[{"name":"wp","href":"https:\/\/api.w.org\/{rel}","templated":true}]}}