{"id":50937,"date":"2024-04-19T06:54:42","date_gmt":"2024-04-19T09:54:42","guid":{"rendered":"http:\/\/www.sincomam.org.br\/?p=50937"},"modified":"2024-04-19T06:54:42","modified_gmt":"2024-04-19T09:54:42","slug":"piloto-de-barco-fara-teste-do-bafometro-para-show-de-madonna-no-rio","status":"publish","type":"post","link":"https:\/\/www.sincomam.org.br\/index.php\/piloto-de-barco-fara-teste-do-bafometro-para-show-de-madonna-no-rio\/","title":{"rendered":"Piloto de barco far\u00e1 teste do baf\u00f4metro para show de Madonna no Rio"},"content":{"rendered":"<p>A Marinha do Brasil informa que no dia do show da cantora Madonna na praia de Copacabana, zona sul do Rio, marcado para o dia 4 de maio, o condutor de qualquer embarca\u00e7\u00e3o, previamente aprovado na inspe\u00e7\u00e3o, dever\u00e1 realizar o teste do baf\u00f4metro e a lota\u00e7\u00e3o m\u00e1xima da embarca\u00e7\u00e3o ser\u00e1 verificada.<\/p>\n<p>A medida se faz necess\u00e1ria devido ao n\u00famero de embarca\u00e7\u00f5es de grande e m\u00e9dios portes, al\u00e9m de outros barcos menores, v\u00e3o ficar a cerca de 200 metros da praia para assistir ao show da cantora do mar. De acordo com a prefeitura do Rio, a previs\u00e3o \u00e9 de que cerca de 1 milh\u00e3o de pessoas assistam ao espet\u00e1culo.<\/p>\n<p>A nota informa que a Capitania dos Portos, respons\u00e1bel por garantir a seguran\u00e7a da navega\u00e7\u00e3o vai tomar\u00a0medidas necess\u00e1rias para garantir a &#8220;salvaguarda da vida humana, tanto em mar aberto quanto em \u00e1guas interiores, al\u00e9m de coordenar iniciativas para prevenir a polui\u00e7\u00e3o ambiental por parte de embarca\u00e7\u00f5es, plataformas ou instala\u00e7\u00f5es de apoio\u201d.<\/p>\n<p>A Capitania dos Portos vai interditar o tr\u00e1fego aquavi\u00e1rio em parte da orla em Copacabana,\u00a0entre a praia do Leme e o Posto 5. A interdi\u00e7\u00e3o da \u00e1rea come\u00e7ar\u00e1 ao meio-dia de s\u00e1bado (4) e permanecer\u00e1 at\u00e9 4 horas da madrugada de domingo (5).<\/p>\n<p>Durante o per\u00edodo, boias ser\u00e3o instaladas para delimitar o per\u00edmetro, separar as embarca\u00e7\u00f5es e garantir que estas mantenham uma dist\u00e2ncia m\u00ednima de 200 metros da praia. \u201cSomente as embarca\u00e7\u00f5es autorizadas e identificadas poder\u00e3o chegar a \u00e1rea interditada para assistir ao show da Madonna\u201d, diz a nota.<\/p>\n<p>Fonte: Ag\u00eancia Brasil<\/p>\n","protected":false},"excerpt":{"rendered":"<p>A Marinha do Brasil informa que no dia do show da cantora Madonna na praia de Copacabana, zona sul do Rio, marcado para o dia&#8230;<\/p>\n","protected":false},"author":1527,"featured_media":50938,"comment_status":"closed","ping_status":"closed","sticky":false,"template":"","format":"standard","meta":{"footnotes":""},"categories":[6],"tags":[],"class_list":["post-50937","post","type-post","status-publish","format-standard","has-post-thumbnail","hentry","category-noticias"],"_links":{"self":[{"href":"https:\/\/www.sincomam.org.br\/index.php\/wp-json\/wp\/v2\/posts\/50937","targetHints":{"allow":["GET"]}}],"collection":[{"href":"https:\/\/www.sincomam.org.br\/index.php\/wp-json\/wp\/v2\/posts"}],"about":[{"href":"https:\/\/www.sincomam.org.br\/index.php\/wp-json\/wp\/v2\/types\/post"}],"author":[{"embeddable":true,"href":"https:\/\/www.sincomam.org.br\/index.php\/wp-json\/wp\/v2\/users\/1527"}],"replies":[{"embeddable":true,"href":"https:\/\/www.sincomam.org.br\/index.php\/wp-json\/wp\/v2\/comments?post=50937"}],"version-history":[{"count":1,"href":"https:\/\/www.sincomam.org.br\/index.php\/wp-json\/wp\/v2\/posts\/50937\/revisions"}],"predecessor-version":[{"id":50939,"href":"https:\/\/www.sincomam.org.br\/index.php\/wp-json\/wp\/v2\/posts\/50937\/revisions\/50939"}],"wp:featuredmedia":[{"embeddable":true,"href":"https:\/\/www.sincomam.org.br\/index.php\/wp-json\/wp\/v2\/media\/50938"}],"wp:attachment":[{"href":"https:\/\/www.sincomam.org.br\/index.php\/wp-json\/wp\/v2\/media?parent=50937"}],"wp:term":[{"taxonomy":"category","embeddable":true,"href":"https:\/\/www.sincomam.org.br\/index.php\/wp-json\/wp\/v2\/categories?post=50937"},{"taxonomy":"post_tag","embeddable":true,"href":"https:\/\/www.sincomam.org.br\/index.php\/wp-json\/wp\/v2\/tags?post=50937"}],"curies":[{"name":"wp","href":"https:\/\/api.w.org\/{rel}","templated":true}]}}