{"id":50931,"date":"2024-04-19T06:48:08","date_gmt":"2024-04-19T09:48:08","guid":{"rendered":"http:\/\/www.sincomam.org.br\/?p=50931"},"modified":"2024-04-19T06:48:08","modified_gmt":"2024-04-19T09:48:08","slug":"licitacao-para-dragagem-no-porto-de-ilheus-e-publicada-no-diario-oficial-da-uniao","status":"publish","type":"post","link":"https:\/\/www.sincomam.org.br\/index.php\/licitacao-para-dragagem-no-porto-de-ilheus-e-publicada-no-diario-oficial-da-uniao\/","title":{"rendered":"Licita\u00e7\u00e3o para dragagem no Porto de Ilh\u00e9us \u00e9 publicada no Di\u00e1rio Oficial da Uni\u00e3o"},"content":{"rendered":"<p>Foi publicado na edi\u00e7\u00e3o desta quinta-feira (18) do Di\u00e1rio Oficial da Uni\u00e3o (DOU) o aviso de licita\u00e7\u00e3o, no valor estimado de R$ 27 milh\u00f5es, para contrata\u00e7\u00e3o de empresa especializada na execu\u00e7\u00e3o dos servi\u00e7os de dragagem mar\u00edtima, de manuten\u00e7\u00e3o nas \u00e1reas do canal de acesso interno, bacia de evolu\u00e7\u00e3o e ber\u00e7os de atraca\u00e7\u00e3o do Porto de Ilh\u00e9us.<\/p>\n<p>\u201cO Porto de Ilh\u00e9us tem uma rela\u00e7\u00e3o hist\u00f3rica com a cidade. Fizemos uma remodela\u00e7\u00e3o no edital anterior, incluindo a dragagem de manuten\u00e7\u00e3o, por exemplo, que \u00e9 um elemento important\u00edssimo. Assumimos, pegamos toda a documenta\u00e7\u00e3o e replanejamos. Tivemos que solicitar, inclusive, uma suplementa\u00e7\u00e3o or\u00e7ament\u00e1ria, e para isso, contamos com o apoio do ministro de Portos e Aeroportos, Silvio Costa Filho. Essas interven\u00e7\u00f5es v\u00e3o tornar o porto mais competitivo, \u00e9 uma excelente not\u00edcia para Ilh\u00e9us e regi\u00e3o, e para toda a Bahia\u201d, afirmou o diretor presidente da Codeba, Antonio Gobbo.<\/p>\n<p>A abertura de propostas e a sess\u00e3o de lances est\u00e3o agendadas para 13 de maio.<\/p>\n<p>Fonte: Portos e Navios<\/p>\n","protected":false},"excerpt":{"rendered":"<p>Foi publicado na edi\u00e7\u00e3o desta quinta-feira (18) do Di\u00e1rio Oficial da Uni\u00e3o (DOU) o aviso de licita\u00e7\u00e3o, no valor estimado de R$ 27 milh\u00f5es, para&#8230;<\/p>\n","protected":false},"author":1527,"featured_media":50932,"comment_status":"closed","ping_status":"closed","sticky":false,"template":"","format":"standard","meta":{"footnotes":""},"categories":[6],"tags":[],"class_list":["post-50931","post","type-post","status-publish","format-standard","has-post-thumbnail","hentry","category-noticias"],"_links":{"self":[{"href":"https:\/\/www.sincomam.org.br\/index.php\/wp-json\/wp\/v2\/posts\/50931","targetHints":{"allow":["GET"]}}],"collection":[{"href":"https:\/\/www.sincomam.org.br\/index.php\/wp-json\/wp\/v2\/posts"}],"about":[{"href":"https:\/\/www.sincomam.org.br\/index.php\/wp-json\/wp\/v2\/types\/post"}],"author":[{"embeddable":true,"href":"https:\/\/www.sincomam.org.br\/index.php\/wp-json\/wp\/v2\/users\/1527"}],"replies":[{"embeddable":true,"href":"https:\/\/www.sincomam.org.br\/index.php\/wp-json\/wp\/v2\/comments?post=50931"}],"version-history":[{"count":1,"href":"https:\/\/www.sincomam.org.br\/index.php\/wp-json\/wp\/v2\/posts\/50931\/revisions"}],"predecessor-version":[{"id":50933,"href":"https:\/\/www.sincomam.org.br\/index.php\/wp-json\/wp\/v2\/posts\/50931\/revisions\/50933"}],"wp:featuredmedia":[{"embeddable":true,"href":"https:\/\/www.sincomam.org.br\/index.php\/wp-json\/wp\/v2\/media\/50932"}],"wp:attachment":[{"href":"https:\/\/www.sincomam.org.br\/index.php\/wp-json\/wp\/v2\/media?parent=50931"}],"wp:term":[{"taxonomy":"category","embeddable":true,"href":"https:\/\/www.sincomam.org.br\/index.php\/wp-json\/wp\/v2\/categories?post=50931"},{"taxonomy":"post_tag","embeddable":true,"href":"https:\/\/www.sincomam.org.br\/index.php\/wp-json\/wp\/v2\/tags?post=50931"}],"curies":[{"name":"wp","href":"https:\/\/api.w.org\/{rel}","templated":true}]}}