{"id":50910,"date":"2024-04-18T02:58:58","date_gmt":"2024-04-18T05:58:58","guid":{"rendered":"http:\/\/www.sincomam.org.br\/?p=50910"},"modified":"2024-04-18T02:58:58","modified_gmt":"2024-04-18T05:58:58","slug":"audiencia-publica-virtual-sobre-arrendamento-de-terminal-no-porto-do-rio-sera-dia-24-de-abril","status":"publish","type":"post","link":"https:\/\/www.sincomam.org.br\/index.php\/audiencia-publica-virtual-sobre-arrendamento-de-terminal-no-porto-do-rio-sera-dia-24-de-abril\/","title":{"rendered":"Audi\u00eancia p\u00fablica virtual sobre arrendamento de terminal no Porto do Rio ser\u00e1 dia 24 de abril"},"content":{"rendered":"<p>A Ag\u00eancia Nacional de Transportes Aquavi\u00e1rios (Antaq) realizar\u00e1, no pr\u00f3ximo dia 24 \u00e0s 14h30, uma audi\u00eancia p\u00fablica virtual referente ao arrendamento de terminal portu\u00e1rio destinado \u00e0 movimenta\u00e7\u00e3o e armazenagem de carga para apoio log\u00edstico offshore no Porto do Rio de Janeiro, administrado pela PortosRio. O objetivo da audi\u00eancia \u00e9 obter contribui\u00e7\u00f5es, subs\u00eddios e sugest\u00f5es para aprimorar os documentos t\u00e9cnicos e jur\u00eddicos relacionados ao certame licitat\u00f3rio do terminal, denominado RDJ-07.<\/p>\n<p>As opera\u00e7\u00f5es de carga de apoio est\u00e3o relacionadas ao transporte de alimentos e insumos destinados ao suporte das atividades explorat\u00f3rias petrol\u00edferas em plataformas offshore e tamb\u00e9m \u00e0 recep\u00e7\u00e3o de cargas oriundas das unidades mar\u00edtimas. A \u00e1rea do arrendamento fica localizada nos Cais de S\u00e3o Crist\u00f3v\u00e3o e Gamboa, com \u00e1rea de 46.648 m\u00b2 e 700 metros de cais. O contrato de arrendamento ser\u00e1 de 25 anos, com o arrendat\u00e1rio respons\u00e1vel pelos investimentos e equipamentos necess\u00e1rios para opera\u00e7\u00e3o.<\/p>\n<p>A audi\u00eancia p\u00fablica ser\u00e1 transmitida ao vivo via streaming, gravada e disponibilizada no canal da Antaq no YouTube. Todos os interessados podem acompanhar sem inscri\u00e7\u00e3o pr\u00e9via.<\/p>\n<p>Fonte: Portos e Navios<\/p>\n","protected":false},"excerpt":{"rendered":"<p>A Ag\u00eancia Nacional de Transportes Aquavi\u00e1rios (Antaq) realizar\u00e1, no pr\u00f3ximo dia 24 \u00e0s 14h30, uma audi\u00eancia p\u00fablica virtual referente ao arrendamento de terminal portu\u00e1rio destinado&#8230;<\/p>\n","protected":false},"author":1527,"featured_media":50911,"comment_status":"closed","ping_status":"closed","sticky":false,"template":"","format":"standard","meta":{"footnotes":""},"categories":[6],"tags":[],"class_list":["post-50910","post","type-post","status-publish","format-standard","has-post-thumbnail","hentry","category-noticias"],"_links":{"self":[{"href":"https:\/\/www.sincomam.org.br\/index.php\/wp-json\/wp\/v2\/posts\/50910","targetHints":{"allow":["GET"]}}],"collection":[{"href":"https:\/\/www.sincomam.org.br\/index.php\/wp-json\/wp\/v2\/posts"}],"about":[{"href":"https:\/\/www.sincomam.org.br\/index.php\/wp-json\/wp\/v2\/types\/post"}],"author":[{"embeddable":true,"href":"https:\/\/www.sincomam.org.br\/index.php\/wp-json\/wp\/v2\/users\/1527"}],"replies":[{"embeddable":true,"href":"https:\/\/www.sincomam.org.br\/index.php\/wp-json\/wp\/v2\/comments?post=50910"}],"version-history":[{"count":1,"href":"https:\/\/www.sincomam.org.br\/index.php\/wp-json\/wp\/v2\/posts\/50910\/revisions"}],"predecessor-version":[{"id":50912,"href":"https:\/\/www.sincomam.org.br\/index.php\/wp-json\/wp\/v2\/posts\/50910\/revisions\/50912"}],"wp:featuredmedia":[{"embeddable":true,"href":"https:\/\/www.sincomam.org.br\/index.php\/wp-json\/wp\/v2\/media\/50911"}],"wp:attachment":[{"href":"https:\/\/www.sincomam.org.br\/index.php\/wp-json\/wp\/v2\/media?parent=50910"}],"wp:term":[{"taxonomy":"category","embeddable":true,"href":"https:\/\/www.sincomam.org.br\/index.php\/wp-json\/wp\/v2\/categories?post=50910"},{"taxonomy":"post_tag","embeddable":true,"href":"https:\/\/www.sincomam.org.br\/index.php\/wp-json\/wp\/v2\/tags?post=50910"}],"curies":[{"name":"wp","href":"https:\/\/api.w.org\/{rel}","templated":true}]}}