{"id":50863,"date":"2024-04-16T03:43:50","date_gmt":"2024-04-16T06:43:50","guid":{"rendered":"http:\/\/www.sincomam.org.br\/?p=50863"},"modified":"2024-04-16T03:43:50","modified_gmt":"2024-04-16T06:43:50","slug":"justica-autoriza-transporte-hidroviario-na-capital-paulista","status":"publish","type":"post","link":"https:\/\/www.sincomam.org.br\/index.php\/justica-autoriza-transporte-hidroviario-na-capital-paulista\/","title":{"rendered":"Justi\u00e7a autoriza transporte hidrovi\u00e1rio na capital paulista"},"content":{"rendered":"<p>A Justi\u00e7a de S\u00e3o Paulo autorizou nesta segunda-feira (15) o in\u00edcio da opera\u00e7\u00e3o do sistema de transporte hidrovi\u00e1rio na Represa Billings, na zona Sul da capital paulista. Segundo a prefeitura, o novo meio de transporte, chamado de Aqu\u00e1tico-SP, ir\u00e1 beneficiar cerca de 380 mil moradores das regi\u00f5es do Graja\u00fa, Pedreira e Cocaia.<\/p>\n<p>A decis\u00e3o da Justi\u00e7a foi tomada ap\u00f3s recurso da S\u00e3o Paulo Transporte (SPTrans), administradora municipal do transporte coletivo na cidade, contra uma a\u00e7\u00e3o do Minist\u00e9rio P\u00fablico, do fim de mar\u00e7o, que alegava falta de estudos de impacto ambiental.\u00a0O desembargador Nogueira Diefenthaler considerou, no recurso, os alvar\u00e1s emitidos pela Companhia Ambiental do Estado de S\u00e3o Paulo (Cetesb) autorizando a opera\u00e7\u00e3o das embarca\u00e7\u00f5es na represa.<\/p>\n<p>A empresa escolhida para operar as embarca\u00e7\u00f5es foi a Transwolff, alvo da opera\u00e7\u00e3o Fim da Linha do Minist\u00e9rio P\u00fablico, acusada de ter liga\u00e7\u00e3o com a fac\u00e7\u00e3o criminosa Primeiro Comando da Capital (PCC). Como a empresa atualmente est\u00e1 sob interven\u00e7\u00e3o em raz\u00e3o da investiga\u00e7\u00e3o, a pr\u00f3pria SPTrans, segundo a prefeitura, dar\u00e1 continuidade a opera\u00e7\u00e3o do sistema hidrovi\u00e1rio.<\/p>\n<p>\u201cO Aqu\u00e1tico-SP \u00e9 o primeiro modo de transporte coletivo p\u00fablico por embarca\u00e7\u00f5es na cidade de S\u00e3o Paulo e o trajeto da opera\u00e7\u00e3o assistida ser\u00e1 realizado entre os parques Cantinho do C\u00e9u, na regi\u00e3o do Graja\u00fa, e Mar Paulista (Pedreira)\u201d, destacou a prefeitura, em nota.<\/p>\n<p>Fonte: Ag\u00eancia Brasil<\/p>\n","protected":false},"excerpt":{"rendered":"<p>A Justi\u00e7a de S\u00e3o Paulo autorizou nesta segunda-feira (15) o in\u00edcio da opera\u00e7\u00e3o do sistema de transporte hidrovi\u00e1rio na Represa Billings, na zona Sul da&#8230;<\/p>\n","protected":false},"author":1527,"featured_media":50864,"comment_status":"closed","ping_status":"closed","sticky":false,"template":"","format":"standard","meta":{"footnotes":""},"categories":[6],"tags":[],"class_list":["post-50863","post","type-post","status-publish","format-standard","has-post-thumbnail","hentry","category-noticias"],"_links":{"self":[{"href":"https:\/\/www.sincomam.org.br\/index.php\/wp-json\/wp\/v2\/posts\/50863","targetHints":{"allow":["GET"]}}],"collection":[{"href":"https:\/\/www.sincomam.org.br\/index.php\/wp-json\/wp\/v2\/posts"}],"about":[{"href":"https:\/\/www.sincomam.org.br\/index.php\/wp-json\/wp\/v2\/types\/post"}],"author":[{"embeddable":true,"href":"https:\/\/www.sincomam.org.br\/index.php\/wp-json\/wp\/v2\/users\/1527"}],"replies":[{"embeddable":true,"href":"https:\/\/www.sincomam.org.br\/index.php\/wp-json\/wp\/v2\/comments?post=50863"}],"version-history":[{"count":1,"href":"https:\/\/www.sincomam.org.br\/index.php\/wp-json\/wp\/v2\/posts\/50863\/revisions"}],"predecessor-version":[{"id":50865,"href":"https:\/\/www.sincomam.org.br\/index.php\/wp-json\/wp\/v2\/posts\/50863\/revisions\/50865"}],"wp:featuredmedia":[{"embeddable":true,"href":"https:\/\/www.sincomam.org.br\/index.php\/wp-json\/wp\/v2\/media\/50864"}],"wp:attachment":[{"href":"https:\/\/www.sincomam.org.br\/index.php\/wp-json\/wp\/v2\/media?parent=50863"}],"wp:term":[{"taxonomy":"category","embeddable":true,"href":"https:\/\/www.sincomam.org.br\/index.php\/wp-json\/wp\/v2\/categories?post=50863"},{"taxonomy":"post_tag","embeddable":true,"href":"https:\/\/www.sincomam.org.br\/index.php\/wp-json\/wp\/v2\/tags?post=50863"}],"curies":[{"name":"wp","href":"https:\/\/api.w.org\/{rel}","templated":true}]}}