{"id":50847,"date":"2024-04-15T09:40:14","date_gmt":"2024-04-15T12:40:14","guid":{"rendered":"http:\/\/www.sincomam.org.br\/?p=50847"},"modified":"2024-04-15T09:40:25","modified_gmt":"2024-04-15T12:40:25","slug":"fab-diz-estar-de-prontidao-para-resgatar-brasileiros-no-oriente-medio","status":"publish","type":"post","link":"https:\/\/www.sincomam.org.br\/index.php\/fab-diz-estar-de-prontidao-para-resgatar-brasileiros-no-oriente-medio\/","title":{"rendered":"FAB diz estar de prontid\u00e3o para resgatar brasileiros no Oriente M\u00e9dio"},"content":{"rendered":"<div class=\"post-item-wrap\">\n<p>A For\u00e7a A\u00e9rea Brasileira (FAB) afirmou estar de prontid\u00e3o para resgatar brasileiros que vivem em \u00e1reas de conflito no Oriente M\u00e9dio. O \u00f3rg\u00e3o emitiu uma nota no in\u00edcio da tarde deste domingo (14), horas depois de o Ir\u00e3 atacar Israel com drones e m\u00edsseis.<\/p>\n<p>No comunicado, a FAB afirmou estar \u201cpreparada e pronta\u201d para atender a qualquer pedido de resgate, desde que acionada pelas autoridades competentes. \u201cPara isso, mant\u00e9m-se em constante prontid\u00e3o, com suas tripula\u00e7\u00f5es e aeronaves, para se fazer presente onde o Brasil precisar\u201d, destaca\u00a0o texto.<\/p>\n<p>A FAB tamb\u00e9m informou que a permanente prepara\u00e7\u00e3o possibilita a atua\u00e7\u00e3o\u00a0em qualquer hora. \u201cN\u00e3o somente em rela\u00e7\u00e3o a miss\u00f5es espec\u00edficas, mas a quaisquer necessidades, sendo esta prontid\u00e3o ininterrupta para agir em apoio \u00e0 sociedade\u201d, conclui\u00a0o comunicado.<\/p>\n<p>Desde o in\u00edcio da guerra entre Israel e o grupo extremista Hamas, em outubro do ano passado, a Opera\u00e7\u00e3o Voltando em Paz da FAB fez 13 voos que trouxeram cerca de 1,5 mil pessoas ao Brasil, entre cidad\u00e3os brasileiros e parentes pr\u00f3ximos. Do total de voos, tr\u00eas repatriaram pessoas que viviam na Faixa de Gaza.<\/p>\n<\/div>\n<p class=\"alt-font font-italic my-2 small text-info\">Fonte: Ag\u00eancia Brasil<\/p>\n","protected":false},"excerpt":{"rendered":"<p>A For\u00e7a A\u00e9rea Brasileira (FAB) afirmou estar de prontid\u00e3o para resgatar brasileiros que vivem em \u00e1reas de conflito no Oriente M\u00e9dio. O \u00f3rg\u00e3o emitiu uma&#8230;<\/p>\n","protected":false},"author":1527,"featured_media":50848,"comment_status":"closed","ping_status":"closed","sticky":false,"template":"","format":"standard","meta":{"footnotes":""},"categories":[6],"tags":[],"class_list":["post-50847","post","type-post","status-publish","format-standard","has-post-thumbnail","hentry","category-noticias"],"_links":{"self":[{"href":"https:\/\/www.sincomam.org.br\/index.php\/wp-json\/wp\/v2\/posts\/50847","targetHints":{"allow":["GET"]}}],"collection":[{"href":"https:\/\/www.sincomam.org.br\/index.php\/wp-json\/wp\/v2\/posts"}],"about":[{"href":"https:\/\/www.sincomam.org.br\/index.php\/wp-json\/wp\/v2\/types\/post"}],"author":[{"embeddable":true,"href":"https:\/\/www.sincomam.org.br\/index.php\/wp-json\/wp\/v2\/users\/1527"}],"replies":[{"embeddable":true,"href":"https:\/\/www.sincomam.org.br\/index.php\/wp-json\/wp\/v2\/comments?post=50847"}],"version-history":[{"count":2,"href":"https:\/\/www.sincomam.org.br\/index.php\/wp-json\/wp\/v2\/posts\/50847\/revisions"}],"predecessor-version":[{"id":50850,"href":"https:\/\/www.sincomam.org.br\/index.php\/wp-json\/wp\/v2\/posts\/50847\/revisions\/50850"}],"wp:featuredmedia":[{"embeddable":true,"href":"https:\/\/www.sincomam.org.br\/index.php\/wp-json\/wp\/v2\/media\/50848"}],"wp:attachment":[{"href":"https:\/\/www.sincomam.org.br\/index.php\/wp-json\/wp\/v2\/media?parent=50847"}],"wp:term":[{"taxonomy":"category","embeddable":true,"href":"https:\/\/www.sincomam.org.br\/index.php\/wp-json\/wp\/v2\/categories?post=50847"},{"taxonomy":"post_tag","embeddable":true,"href":"https:\/\/www.sincomam.org.br\/index.php\/wp-json\/wp\/v2\/tags?post=50847"}],"curies":[{"name":"wp","href":"https:\/\/api.w.org\/{rel}","templated":true}]}}