{"id":5083,"date":"2014-04-24T08:27:19","date_gmt":"2014-04-24T11:27:19","guid":{"rendered":"http:\/\/www.sincomam.org.br\/?p=5083"},"modified":"2014-04-24T08:27:19","modified_gmt":"2014-04-24T11:27:19","slug":"novo-complexo-portuario-na-baia-de-aratu-vai-gerar-10-mil-empregos","status":"publish","type":"post","link":"https:\/\/www.sincomam.org.br\/index.php\/novo-complexo-portuario-na-baia-de-aratu-vai-gerar-10-mil-empregos\/","title":{"rendered":"Novo complexo portu\u00e1rio na Ba\u00eda de Aratu vai gerar 10 mil empregos"},"content":{"rendered":"<p>Com investimentos previstos de R$ 3 bilh\u00f5es e gera\u00e7\u00e3o de 10 mil empregos (diretos e indiretos), a Bahia ganhar\u00e1 mais um complexo portu\u00e1rio. Localizado no Canal de Cotegipe, na entrada da Ba\u00eda de Aratu, o empreendimento come\u00e7ar\u00e1, em sua primeira etapa, com \u00e1reas destinadas \u00e0 movimenta\u00e7\u00e3o de ve\u00edculos e de grandes equipamentos de energia e\u00f3lica.<\/p>\n<p>O projeto foi apresentado na Secretaria da Ind\u00fastria, Com\u00e9rcio e Minera\u00e7\u00e3o pelo presidente da empresa Bahia Terminais, Ruy Plessin, e contou com as presen\u00e7as dos ministros dos Transportes, C\u00e9sar Borges, e dos Portos, Antonio Henrique Pinheiro, e dos secret\u00e1rios estaduais James Correia, da Ind\u00fastria e Com\u00e9rcio; Carlos Costa; da Ind\u00fastria Naval, Marcus Cavalcanti, da Infraestrutura; do presidente da FIEB, Carlos Gilberto Farias; Jos\u00e9 Rebou\u00e7as, da Codeba, e de Jos\u00e9 Correia Paes Filho, da Capitania dos Portos.<\/p>\n<p>\u201c\u00c9 importante que a iniciativa privada traga empreendimentos desse porte para a Bahia. \u00c0 \u00e9poca, o moinho Dias Branco investiu R$ 200 milh\u00f5es e hoje, com a amplia\u00e7\u00e3o do seu terminal, esse investimento j\u00e1 ultrapassa mais de R$ 1 bilh\u00e3o. Isso mostra o potencial do Canal de Cotegipe\u201d, disse o ministro C\u00e9sar Borges, lembrando que foi durante o seu governo que teve in\u00edcio a implanta\u00e7\u00e3o de empreendimentos privados na \u00e1rea, como a instala\u00e7\u00e3o dos portos da Ford e do moinho.<\/p>\n<p>J\u00e1 o ministro dos Portos, Antonio Henrique Pinheiro, garantiu que a Secretaria dos Portos vai analisar rapidamente toda a documenta\u00e7\u00e3o preparada pela Bahia Terminais e dar andamento ao projeto. \u201cO Canal de Cotegipe j\u00e1 possui grandes empreendimentos tocados pela iniciativa privada. O maior desafio agora \u00e9 organizar o condom\u00ednio e coexistir pacificamente, principalmente, com o meio ambiente\u201d, diz Pinheiro.<\/p>\n<p>Segundo o secret\u00e1rio James Correia, o novo terminal \u00e9 mais um grande empreendimento que chega \u00e0 Bahia atrav\u00e9s da iniciativa privada. \u201cO Canal de Cotegipe \u00e9 de import\u00e2ncia estrat\u00e9gica para a Bahia. O transporte mar\u00edtimo e a ind\u00fastria naval t\u00eam uma import\u00e2ncia muito grande dentro para o crescimento econ\u00f4mico do estado\u201d, disse.<\/p>\n<p>De acordo com o presidente da Bahia Terminais, o complexo portu\u00e1rio dever\u00e1 ter sua primeira etapa conclu\u00edda nos pr\u00f3ximos tr\u00eas anos. \u201cJ\u00e1 estamos tratando dos tr\u00e2mites legais junto \u00e0 Secretaria dos Portos. Acredito que dentro em breve estejamos aptos a dar in\u00edcio \u00e0 primeira etapa do empreendimento\u201d, afirmou Ruy Plessim.<\/p>\n<p>Fonte: Tribuna da Bahia (BA)<\/p>\n<p><b>\u00a0<\/b><\/p>\n","protected":false},"excerpt":{"rendered":"<p>Com investimentos previstos de R$ 3 bilh\u00f5es e gera\u00e7\u00e3o de 10 mil empregos (diretos e indiretos), a Bahia ganhar\u00e1 mais um complexo portu\u00e1rio. Localizado no&#8230;<\/p>\n","protected":false},"author":1182,"featured_media":3239,"comment_status":"closed","ping_status":"closed","sticky":false,"template":"","format":"standard","meta":{"footnotes":""},"categories":[6],"tags":[153,1006,129,544,556],"class_list":["post-5083","post","type-post","status-publish","format-standard","has-post-thumbnail","hentry","category-noticias","tag-bahia","tag-baia-de-aratu","tag-complexo","tag-emprego","tag-geracao"],"_links":{"self":[{"href":"https:\/\/www.sincomam.org.br\/index.php\/wp-json\/wp\/v2\/posts\/5083","targetHints":{"allow":["GET"]}}],"collection":[{"href":"https:\/\/www.sincomam.org.br\/index.php\/wp-json\/wp\/v2\/posts"}],"about":[{"href":"https:\/\/www.sincomam.org.br\/index.php\/wp-json\/wp\/v2\/types\/post"}],"author":[{"embeddable":true,"href":"https:\/\/www.sincomam.org.br\/index.php\/wp-json\/wp\/v2\/users\/1182"}],"replies":[{"embeddable":true,"href":"https:\/\/www.sincomam.org.br\/index.php\/wp-json\/wp\/v2\/comments?post=5083"}],"version-history":[{"count":1,"href":"https:\/\/www.sincomam.org.br\/index.php\/wp-json\/wp\/v2\/posts\/5083\/revisions"}],"predecessor-version":[{"id":5084,"href":"https:\/\/www.sincomam.org.br\/index.php\/wp-json\/wp\/v2\/posts\/5083\/revisions\/5084"}],"wp:featuredmedia":[{"embeddable":true,"href":"https:\/\/www.sincomam.org.br\/index.php\/wp-json\/wp\/v2\/media\/3239"}],"wp:attachment":[{"href":"https:\/\/www.sincomam.org.br\/index.php\/wp-json\/wp\/v2\/media?parent=5083"}],"wp:term":[{"taxonomy":"category","embeddable":true,"href":"https:\/\/www.sincomam.org.br\/index.php\/wp-json\/wp\/v2\/categories?post=5083"},{"taxonomy":"post_tag","embeddable":true,"href":"https:\/\/www.sincomam.org.br\/index.php\/wp-json\/wp\/v2\/tags?post=5083"}],"curies":[{"name":"wp","href":"https:\/\/api.w.org\/{rel}","templated":true}]}}