{"id":50811,"date":"2024-04-12T09:36:29","date_gmt":"2024-04-12T12:36:29","guid":{"rendered":"http:\/\/www.sincomam.org.br\/?p=50811"},"modified":"2024-04-12T09:36:29","modified_gmt":"2024-04-12T12:36:29","slug":"governo-cria-secretaria-de-transporte-por-rios-e-preve-r-5-bi-em-investimentos-em-hidrovias","status":"publish","type":"post","link":"https:\/\/www.sincomam.org.br\/index.php\/governo-cria-secretaria-de-transporte-por-rios-e-preve-r-5-bi-em-investimentos-em-hidrovias\/","title":{"rendered":"Governo cria secretaria de transporte por rios e prev\u00ea R$ 5 bi em investimentos em hidrovias"},"content":{"rendered":"<div id=\"chunk-2ibr\">\n<div class=\"mc-column content-text active-extra-styles active-capital-letter\" data-block-type=\"unstyled\" data-block-weight=\"45\" data-block-id=\"1\">\n<p class=\" content-text__container theme-color-primary-first-letter\" data-track-category=\"Link no Texto\" data-track-links=\"\" data-mrf-recirculation=\"Article links\">O ministro de Portos e Aeroportos, Silvio Costa Filho, anunciou nesta quinta-feira (11) a cria\u00e7\u00e3o da Secretaria de Hidrovias. Subordinada ao minist\u00e9rio,<span class=\"highlight highlighted\">\u00a0a nova pasta coordenar\u00e1 a \u00e1rea de navega\u00e7\u00e3o por rios<\/span>, diante da expectativa de investimentos bilion\u00e1rios nesse modal de transporte nos pr\u00f3ximos anos.<\/p>\n<\/div>\n<\/div>\n<div class=\"wall protected-content\">\n<div id=\"chunk-f4lag\">\n<div class=\"row medium-uncollapsed content-media content-photo\" data-block-type=\"backstage-photo\" data-block-id=\"3\">\n<div class=\" mc-column  content-media__container\">\n<div class=\"content-media-container glb-skeleton-box\">\n<div id=\"chunk-6fro7\">\n<div class=\"mc-column content-text active-extra-styles \" data-block-type=\"unstyled\" data-block-weight=\"16\" data-block-id=\"4\">\n<p class=\" content-text__container \" data-track-category=\"Link no Texto\" data-track-links=\"\" data-mrf-recirculation=\"Article links\">Costa Filho tamb\u00e9m anunciou Dino Antunes, atual diretor do departamento de navega\u00e7\u00e3o e hidrovias, como secret\u00e1rio.<\/p>\n<\/div>\n<\/div>\n<div id=\"chunk-83ln5\">\n<div class=\"mc-column content-text active-extra-styles \" data-block-type=\"unstyled\" data-block-weight=\"47\" data-block-id=\"5\">\n<p class=\" content-text__container \" data-track-category=\"Link no Texto\" data-track-links=\"\" data-mrf-recirculation=\"Article links\">De acordo com o novo secret\u00e1rio, a \u00e1rea de hidrovias vai ser priorit\u00e1ria para o minist\u00e9rio, com as concess\u00f5es e o an\u00fancio de um programa para incentivar esse modal, a &#8220;BR dos Rios&#8221; \u2013 a exemplo de outros projeto que tocou no passado, a &#8220;BR do Mar&#8221;.<\/p>\n<div id=\"chunk-3v7cq\">\n<div class=\"mc-column content-text active-extra-styles\" data-block-type=\"raw\" data-block-weight=\"4\" data-block-id=\"9\">\n<div class=\"content-intertitle\">\n<h2>Cria\u00e7\u00e3o j\u00e1 era prevista<\/h2>\n<\/div>\n<p>A cria\u00e7\u00e3o de uma secretaria de hidrovias estava em defini\u00e7\u00e3o desde o in\u00edcio do governo, com a reestrutura\u00e7\u00e3o da Esplanada dos Minist\u00e9rios.<\/p>\n<\/div>\n<\/div>\n<div id=\"chunk-e4ukj\">\n<div class=\"mc-column content-text active-extra-styles \" data-block-type=\"unstyled\" data-block-weight=\"33\" data-block-id=\"11\">\n<p class=\" content-text__container \" data-track-category=\"Link no Texto\" data-track-links=\"\" data-mrf-recirculation=\"Article links\">O governo de\u00a0Luiz In\u00e1cio Lula da Silva\u00a0(PT) recriou os minist\u00e9rios de Transportes e de Portos e Aeroportos \u2013 que haviam sido fundidos na gest\u00e3o anterior, dentro do Minist\u00e9rio de Infraestrutura.<\/p>\n<\/div>\n<\/div>\n<div id=\"chunk-5di82\">\n<div class=\"mc-column content-text active-extra-styles \" data-block-type=\"unstyled\" data-block-weight=\"27\" data-block-id=\"12\">\n<p class=\" content-text__container \" data-track-category=\"Link no Texto\" data-track-links=\"\" data-mrf-recirculation=\"Article links\">Ficou decidido que a secretaria ficaria sob o guarda-chuva do Minist\u00e9rio de Portos e Aeroportos e, na ter\u00e7a-feira (9), o governo publicou a estrutura da nova pasta.<\/p>\n<\/div>\n<\/div>\n<div id=\"chunk-5rucl\">\n<div class=\"mc-column content-text active-extra-styles\" data-block-type=\"raw\" data-block-weight=\"3\" data-block-id=\"13\">\n<p class=\"content-text__container\" data-mrf-recirculation=\"Article links\"><strong>Concess\u00f5es de hidrovias<\/strong><\/p>\n<p><span class=\"highlight highlighted\">Segundo o ministro, a expectativa \u00e9 de R$ 5 bilh\u00f5es em investimentos em transporte de carga e pessoas por rios.<\/span>\u00a0O governo pretende fazer parcerias p\u00fablico-privadas para desenvolver o modal,\u00a0<span class=\"highlight highlighted\">tendo como prioridade as hidrovias do Paraguai, Madeira, Barra Norte, Lagoa Mirim, Tapaj\u00f3s e Tocantins.<\/span><\/p>\n<\/div>\n<\/div>\n<div id=\"chunk-eobpn\">\n<div class=\"mc-column content-text active-extra-styles \" data-block-type=\"unstyled\" data-block-weight=\"33\" data-block-id=\"15\">\n<p class=\" content-text__container \" data-track-category=\"Link no Texto\" data-track-links=\"\" data-mrf-recirculation=\"Article links\">De acordo com Antunes, o projeto ainda est\u00e1 sendo finalizado, mas a ideia \u00e9 que as hidrovias sejam cedidas para explora\u00e7\u00e3o por empresas sem que sejam aplicadas taxas para o transporte de passageiros.<\/p>\n<div id=\"chunk-3jb6r\">\n<div class=\"mc-column content-text active-extra-styles \" data-block-type=\"unstyled\" data-block-weight=\"29\" data-block-id=\"18\">\n<p class=\" content-text__container \" data-track-category=\"Link no Texto\" data-track-links=\"\" data-mrf-recirculation=\"Article links\">Antunes afirmou ainda que, mesmo para o transporte de cargas, o minist\u00e9rio est\u00e1 avaliando que tipo de produtos deve pagar taxa, al\u00e9m de quando e quanto deve pagar.<\/p>\n<\/div>\n<\/div>\n<div id=\"chunk-ah4ks\">\n<div class=\"mc-column content-text active-extra-styles \" data-block-type=\"unstyled\" data-block-weight=\"57\" data-block-id=\"19\">\n<p class=\" content-text__container \" data-track-category=\"Link no Texto\" data-track-links=\"\" data-mrf-recirculation=\"Article links\">&#8220;A orienta\u00e7\u00e3o que a gente tem \u00e9 s\u00f3 que s\u00f3 ande com qualquer tipo de cobran\u00e7a \u2013 ent\u00e3o, passageiro est\u00e1 totalmente eliminado \u2013, mas mesmo para carga, se fizer sentido para a carga. Ou seja, se o benef\u00edcio que o usu\u00e1rio tiver naquele servi\u00e7o que est\u00e1 sendo entregue for maior que aquilo que ele for pagar&#8221;, explicou.<\/p>\n<\/div>\n<\/div>\n<div id=\"chunk-5gcft\">\n<div class=\"mc-column content-text active-extra-styles \" data-block-type=\"unstyled\" data-block-weight=\"35\" data-block-id=\"20\">\n<p class=\" content-text__container \" data-track-category=\"Link no Texto\" data-track-links=\"\" data-mrf-recirculation=\"Article links\">As tarifas s\u00e3o uma das formas de remunerar as empresas que forem explorar o transporte por rios.\u00a0<span class=\"highlight highlighted\">Com a op\u00e7\u00e3o por restringir essas taxas, o governo estuda outras formas de garantir a atratividade das concess\u00f5es.<\/span><\/p>\n<div id=\"chunk-amvlu\">\n<div class=\"mc-column content-text active-extra-styles \" data-block-type=\"unstyled\" data-block-weight=\"43\" data-block-id=\"23\">\n<p class=\" content-text__container \" data-track-category=\"Link no Texto\" data-track-links=\"\" data-mrf-recirculation=\"Article links\">Segundo o secret\u00e1rio,\u00a0<span class=\"highlight highlighted\">uma das medidas estudadas \u00e9 utilizar o fundo do Norte previsto no processo de privatiza\u00e7\u00e3o da Eletrobras.\u00a0<\/span>Conforme a lei, a companhia tem que fazer transfer\u00eancias de R$ 295 milh\u00f5es por ano ao longo de dez anos para esse fundo.<\/p>\n<\/div>\n<\/div>\n<div id=\"chunk-f72j2\">\n<div class=\"mc-column content-text active-extra-styles \" data-block-type=\"unstyled\" data-block-weight=\"24\" data-block-id=\"24\">\n<p class=\" content-text__container \" data-track-category=\"Link no Texto\" data-track-links=\"\" data-mrf-recirculation=\"Article links\">Contudo,\u00a0esses recursos tamb\u00e9m ser\u00e3o usados para reduzir a tarifa de energia dos estados da regi\u00e3o Norte, conforme medida provis\u00f3ria assinada na ter\u00e7a-feira (9).<\/p>\n<\/div>\n<\/div>\n<div id=\"chunk-6o418\">\n<div class=\"mc-column content-text active-extra-styles \" data-block-type=\"unstyled\" data-block-weight=\"34\" data-block-id=\"25\">\n<p class=\" content-text__container \" data-track-category=\"Link no Texto\" data-track-links=\"\" data-mrf-recirculation=\"Article links\">&#8220;Nesse esfor\u00e7o que est\u00e1 sendo feito da tarifa, j\u00e1 foram exclu\u00eddos os valores que est\u00e3o previstos para a navega\u00e7\u00e3o do Madeira e do Tocantins. Ent\u00e3o, hoje, j\u00e1 n\u00e3o nos preocupa mais essa quest\u00e3o&#8221;, disse.<\/p>\n<\/div>\n<\/div>\n<div id=\"chunk-faqb4\">\n<div class=\"mc-column content-text active-extra-styles\" data-block-type=\"raw\" data-block-weight=\"3\" data-block-id=\"26\">\n<p class=\"content-text__container\" data-mrf-recirculation=\"Article links\"><strong>BR dos Rios<\/strong><\/p>\n<p>De acordo com o novo secret\u00e1rio, a \u00e1rea de hidrovias vai ser priorit\u00e1ria para o minist\u00e9rio, com as concess\u00f5es e o an\u00fancio de um programa para incentivar esse modal, a &#8220;BR dos Rios&#8221; \u2013 a exemplo de outros projetos que tocou no passado, a &#8220;BR do Mar&#8221;.<\/p>\n<\/div>\n<\/div>\n<div id=\"chunk-1m2tf\">\n<div class=\"mc-column content-text active-extra-styles \" data-block-type=\"unstyled\" data-block-weight=\"25\" data-block-id=\"28\">\n<p class=\" content-text__container \" data-track-category=\"Link no Texto\" data-track-links=\"\" data-mrf-recirculation=\"Article links\">A expectativa do governo \u00e9 apresentar o &#8220;BR dos Rios&#8221; em maio. O minist\u00e9rio quer que o programa seja formalizado por meio de decreto presidencial.<\/p>\n<p data-track-category=\"Link no Texto\" data-track-links=\"\" data-mrf-recirculation=\"Article links\">Fonte: G1<\/p>\n<\/div>\n<\/div>\n<\/div>\n<\/div>\n<\/div>\n<\/div>\n<\/div>\n<\/div>\n<\/div>\n<\/div>\n<\/div>\n<\/div>\n<\/div>\n","protected":false},"excerpt":{"rendered":"<p>O ministro de Portos e Aeroportos, Silvio Costa Filho, anunciou nesta quinta-feira (11) a cria\u00e7\u00e3o da Secretaria de Hidrovias. Subordinada ao minist\u00e9rio,\u00a0a nova pasta coordenar\u00e1&#8230;<\/p>\n","protected":false},"author":1527,"featured_media":47911,"comment_status":"closed","ping_status":"closed","sticky":false,"template":"","format":"standard","meta":{"footnotes":""},"categories":[6],"tags":[],"class_list":["post-50811","post","type-post","status-publish","format-standard","has-post-thumbnail","hentry","category-noticias"],"_links":{"self":[{"href":"https:\/\/www.sincomam.org.br\/index.php\/wp-json\/wp\/v2\/posts\/50811","targetHints":{"allow":["GET"]}}],"collection":[{"href":"https:\/\/www.sincomam.org.br\/index.php\/wp-json\/wp\/v2\/posts"}],"about":[{"href":"https:\/\/www.sincomam.org.br\/index.php\/wp-json\/wp\/v2\/types\/post"}],"author":[{"embeddable":true,"href":"https:\/\/www.sincomam.org.br\/index.php\/wp-json\/wp\/v2\/users\/1527"}],"replies":[{"embeddable":true,"href":"https:\/\/www.sincomam.org.br\/index.php\/wp-json\/wp\/v2\/comments?post=50811"}],"version-history":[{"count":1,"href":"https:\/\/www.sincomam.org.br\/index.php\/wp-json\/wp\/v2\/posts\/50811\/revisions"}],"predecessor-version":[{"id":50812,"href":"https:\/\/www.sincomam.org.br\/index.php\/wp-json\/wp\/v2\/posts\/50811\/revisions\/50812"}],"wp:featuredmedia":[{"embeddable":true,"href":"https:\/\/www.sincomam.org.br\/index.php\/wp-json\/wp\/v2\/media\/47911"}],"wp:attachment":[{"href":"https:\/\/www.sincomam.org.br\/index.php\/wp-json\/wp\/v2\/media?parent=50811"}],"wp:term":[{"taxonomy":"category","embeddable":true,"href":"https:\/\/www.sincomam.org.br\/index.php\/wp-json\/wp\/v2\/categories?post=50811"},{"taxonomy":"post_tag","embeddable":true,"href":"https:\/\/www.sincomam.org.br\/index.php\/wp-json\/wp\/v2\/tags?post=50811"}],"curies":[{"name":"wp","href":"https:\/\/api.w.org\/{rel}","templated":true}]}}