{"id":50785,"date":"2024-04-10T09:57:42","date_gmt":"2024-04-10T12:57:42","guid":{"rendered":"http:\/\/www.sincomam.org.br\/?p=50785"},"modified":"2024-04-10T09:57:42","modified_gmt":"2024-04-10T12:57:42","slug":"inflacao-oficial-recua-para-016-em-marco-diz-ibge","status":"publish","type":"post","link":"https:\/\/www.sincomam.org.br\/index.php\/inflacao-oficial-recua-para-016-em-marco-diz-ibge\/","title":{"rendered":"Infla\u00e7\u00e3o oficial recua para 0,16% em mar\u00e7o, diz IBGE"},"content":{"rendered":"<p>A infla\u00e7\u00e3o oficial do pa\u00eds, medida pelo \u00cdndice Nacional de Pre\u00e7os ao Consumidor Amplo (IPCA), recuou para 0,16% em mar\u00e7o deste ano. Em fevereiro, a taxa ficou em 0,83%. J\u00e1 em mar\u00e7o do ano passado, o \u00edndice registrado foi 0,71%.<\/p>\n<p>Com o resultado, o IPCA acumula taxa de 1,42% no ano e de 3,93% em 12 meses, segundo dados divulgados nesta quarta-feira (10) pelo Instituto Brasileiro de Geografia e Estat\u00edstica (IBGE).<\/p>\n<p>A infla\u00e7\u00e3o de mar\u00e7o foi puxada pelo grupo de despesas alimenta\u00e7\u00e3o e bebidas, cujos pre\u00e7os subiram 0,53% no m\u00eas.<\/p>\n<p>&nbsp;<\/p>\n<p>Fonte: Ag\u00eancia Brasil<\/p>\n","protected":false},"excerpt":{"rendered":"<p>A infla\u00e7\u00e3o oficial do pa\u00eds, medida pelo \u00cdndice Nacional de Pre\u00e7os ao Consumidor Amplo (IPCA), recuou para 0,16% em mar\u00e7o deste ano. Em fevereiro, a&#8230;<\/p>\n","protected":false},"author":1527,"featured_media":50786,"comment_status":"closed","ping_status":"closed","sticky":false,"template":"","format":"standard","meta":{"footnotes":""},"categories":[6],"tags":[],"class_list":["post-50785","post","type-post","status-publish","format-standard","has-post-thumbnail","hentry","category-noticias"],"_links":{"self":[{"href":"https:\/\/www.sincomam.org.br\/index.php\/wp-json\/wp\/v2\/posts\/50785","targetHints":{"allow":["GET"]}}],"collection":[{"href":"https:\/\/www.sincomam.org.br\/index.php\/wp-json\/wp\/v2\/posts"}],"about":[{"href":"https:\/\/www.sincomam.org.br\/index.php\/wp-json\/wp\/v2\/types\/post"}],"author":[{"embeddable":true,"href":"https:\/\/www.sincomam.org.br\/index.php\/wp-json\/wp\/v2\/users\/1527"}],"replies":[{"embeddable":true,"href":"https:\/\/www.sincomam.org.br\/index.php\/wp-json\/wp\/v2\/comments?post=50785"}],"version-history":[{"count":1,"href":"https:\/\/www.sincomam.org.br\/index.php\/wp-json\/wp\/v2\/posts\/50785\/revisions"}],"predecessor-version":[{"id":50787,"href":"https:\/\/www.sincomam.org.br\/index.php\/wp-json\/wp\/v2\/posts\/50785\/revisions\/50787"}],"wp:featuredmedia":[{"embeddable":true,"href":"https:\/\/www.sincomam.org.br\/index.php\/wp-json\/wp\/v2\/media\/50786"}],"wp:attachment":[{"href":"https:\/\/www.sincomam.org.br\/index.php\/wp-json\/wp\/v2\/media?parent=50785"}],"wp:term":[{"taxonomy":"category","embeddable":true,"href":"https:\/\/www.sincomam.org.br\/index.php\/wp-json\/wp\/v2\/categories?post=50785"},{"taxonomy":"post_tag","embeddable":true,"href":"https:\/\/www.sincomam.org.br\/index.php\/wp-json\/wp\/v2\/tags?post=50785"}],"curies":[{"name":"wp","href":"https:\/\/api.w.org\/{rel}","templated":true}]}}