{"id":5076,"date":"2014-04-24T08:34:08","date_gmt":"2014-04-24T11:34:08","guid":{"rendered":"http:\/\/www.sincomam.org.br\/?p=5076"},"modified":"2014-04-24T08:08:02","modified_gmt":"2014-04-24T11:08:02","slug":"dilma-sanciona-marco-civil-da-internet","status":"publish","type":"post","link":"https:\/\/www.sincomam.org.br\/index.php\/dilma-sanciona-marco-civil-da-internet\/","title":{"rendered":"Dilma sanciona marco civil da internet"},"content":{"rendered":"<p>A presidente Dilma Rousseff sancionou a lei do marco civil da internet instantes antes de discursar na abertura do Encontro Global Multissetorial sobre o Futuro da Governan\u00e7a da Internet, o Net Mundial, em S\u00e3o Paulo. O evento re\u00fane representantes de governos, sociedade civil, t\u00e9cnicos e usu\u00e1rios da rede.<\/p>\n<p>&#8220;O Brasil tem a sua parte de contribui\u00e7\u00e3o a dar, a partir do amplo processo interno de debates que resultou na lei do marco civil da internet aprovada ontem e que tive a honra de sancionar agora h\u00e1 pouco&#8221;, disse a presidente durante discurso para plateia com representantes de 90 pa\u00edses. A nova lei ser\u00e1 publicada em edi\u00e7\u00e3o extra do Di\u00e1rio Oficial da Uni\u00e3o (DOU) ainda hoje.<\/p>\n<p>Em seu discurso, depois de assinar a san\u00e7\u00e3o, Dilma defendeu o respeito aos direitos humanos, \u00e0 privacidade e \u00e0 liberdade de express\u00e3o na internet. \u201cOs direitos que as pessoas t\u00eam offline tamb\u00e9m devem ser protegidos online\u201d, comparou.<\/p>\n<p>Dilma afirmou que \u00e9 necess\u00e1rio e inadi\u00e1vel dotar de um car\u00e1ter global as organiza\u00e7\u00f5es que hoje s\u00e3o respons\u00e1veis pelas fun\u00e7\u00f5es centrais da Internet. Segundo ela, n\u00e3o \u00e9 democr\u00e1tica uma internet submetida a arranjos intergovernamentais que excluam os demais setores e tampouco s\u00e3o aceit\u00e1veis arranjos multissetoriais sujeitos \u00e0 supervis\u00e3o de um ou de poucos Estados.<\/p>\n<p>Ontem, pelo Twitter, Dilma avaliou o marco civil como \u201cum passo fundamental para garantia da liberdade, da privacidade e do respeito aos direitos do usu\u00e1rio da internet\u201d, al\u00e9m de destacar o papel da lei na garantia da neutralidade do car\u00e1ter livre e aberto da rede mundial.<\/p>\n<p>A presidente tamb\u00e9m destacou os mecanismos de defesa dos direitos dos usu\u00e1rios estabelecidos com a nova legisla\u00e7\u00e3o. \u201cO novo marco civil estabelece que as empresas de telecomunica\u00e7\u00f5es devem tratar de forma ison\u00f4mica quaisquer pacotes de dados. Al\u00e9m disso, o marco civil veda bloquear, monitorar, filtrar ou analisar o conte\u00fado dos pacotes de dados. O nosso modelo de marco civil poder\u00e1 influenciar o debate mundial na busca do caminho para garantia de direitos reais no mundo virtual\u201d, escreveu Dilma em sua conta pessoal no Twitter.<\/p>\n<p>O marco civil, aprovado pelo plen\u00e1rio do Senado na noite de ontem, define os direitos e deveres de usu\u00e1rios e provedores de servi\u00e7os de conex\u00e3o e aplicativos na internet. Entre os principais pontos do projeto aprovado est\u00e3o: o que protege a neutralidade de rede, dando tratamento ison\u00f4mico para quaisquer pacotes de dados e proibindo que os provedores discriminem usu\u00e1rios conforme os servi\u00e7os ou conte\u00fados; a garantia do direito \u00e0 privacidade, inviolabilidade e sigilo do usu\u00e1rio de internet; a prote\u00e7\u00e3o a dados pessoais e registros de conex\u00e3o, tornando ilegais as empresas de internet que cooperem com departamentos de espionagem de Estado, como a NSA, dos Estados Unidos; e o artigo que delega \u00e0 Justi\u00e7a a decis\u00e3o sobre a retirada do ar de conte\u00fados online como v\u00eddeos ou textos a partir de simples notifica\u00e7\u00f5es.<\/p>\n<p>Fonte: Valor Econ\u00f4mico<\/p>\n<p>Foto: Roberto Stuckert Filho\/ PR &#8211; Presidenta Dilma Rousseff durante cerim\u00f4nia de abertura do Encontro Global Multissetorial sobre o Futuro da Governan\u00e7a da Internet \u2013 NET Mundial.<\/p>\n","protected":false},"excerpt":{"rendered":"<p>A presidente Dilma Rousseff sancionou a lei do marco civil da internet instantes antes de discursar na abertura do Encontro Global Multissetorial sobre o Futuro&#8230;<\/p>\n","protected":false},"author":1182,"featured_media":5077,"comment_status":"closed","ping_status":"closed","sticky":false,"template":"","format":"standard","meta":{"footnotes":""},"categories":[6],"tags":[780,1003,1001,1002,1000],"class_list":["post-5076","post","type-post","status-publish","format-standard","has-post-thumbnail","hentry","category-noticias","tag-dilma-rousseff","tag-internet","tag-lei","tag-marco-civil","tag-sancionou"],"_links":{"self":[{"href":"https:\/\/www.sincomam.org.br\/index.php\/wp-json\/wp\/v2\/posts\/5076","targetHints":{"allow":["GET"]}}],"collection":[{"href":"https:\/\/www.sincomam.org.br\/index.php\/wp-json\/wp\/v2\/posts"}],"about":[{"href":"https:\/\/www.sincomam.org.br\/index.php\/wp-json\/wp\/v2\/types\/post"}],"author":[{"embeddable":true,"href":"https:\/\/www.sincomam.org.br\/index.php\/wp-json\/wp\/v2\/users\/1182"}],"replies":[{"embeddable":true,"href":"https:\/\/www.sincomam.org.br\/index.php\/wp-json\/wp\/v2\/comments?post=5076"}],"version-history":[{"count":1,"href":"https:\/\/www.sincomam.org.br\/index.php\/wp-json\/wp\/v2\/posts\/5076\/revisions"}],"predecessor-version":[{"id":5078,"href":"https:\/\/www.sincomam.org.br\/index.php\/wp-json\/wp\/v2\/posts\/5076\/revisions\/5078"}],"wp:featuredmedia":[{"embeddable":true,"href":"https:\/\/www.sincomam.org.br\/index.php\/wp-json\/wp\/v2\/media\/5077"}],"wp:attachment":[{"href":"https:\/\/www.sincomam.org.br\/index.php\/wp-json\/wp\/v2\/media?parent=5076"}],"wp:term":[{"taxonomy":"category","embeddable":true,"href":"https:\/\/www.sincomam.org.br\/index.php\/wp-json\/wp\/v2\/categories?post=5076"},{"taxonomy":"post_tag","embeddable":true,"href":"https:\/\/www.sincomam.org.br\/index.php\/wp-json\/wp\/v2\/tags?post=5076"}],"curies":[{"name":"wp","href":"https:\/\/api.w.org\/{rel}","templated":true}]}}