{"id":50758,"date":"2024-04-09T07:55:11","date_gmt":"2024-04-09T10:55:11","guid":{"rendered":"http:\/\/www.sincomam.org.br\/?p=50758"},"modified":"2024-04-09T07:55:17","modified_gmt":"2024-04-09T10:55:17","slug":"mocambique-naufragio-de-embarcacao-irregular-deixa-ao-menos-94-mortos","status":"publish","type":"post","link":"https:\/\/www.sincomam.org.br\/index.php\/mocambique-naufragio-de-embarcacao-irregular-deixa-ao-menos-94-mortos\/","title":{"rendered":"Mo\u00e7ambique: naufr\u00e1gio de embarca\u00e7\u00e3o irregular deixa ao menos 94 mortos"},"content":{"rendered":"<p>Pelo menos 94 pessoas morreram, incluindo crian\u00e7as, e 26 est\u00e3o desaparecidas depois que uma embarca\u00e7\u00e3o virou na costa norte de Mo\u00e7ambique, informou uma autoridade do Instituto de Transporte Mar\u00edtimo do pa\u00eds (Intrasmar).<\/p>\n<p>A embarca\u00e7\u00e3o era de pesca e n\u00e3o tinha licen\u00e7a para transportar pessoas, disse Louren\u00e7o Machado, administrador do Intrasmar, \u00e0\u00a0televis\u00e3o estatal nesta segunda-feira (8).<\/p>\n<p>&#8220;No domingo, registramos um incidente mar\u00edtimo em que pelo menos 94 pessoas morreram, quando uma embarca\u00e7\u00e3o que transportava 130 pessoas virou. Recuperamos 94 corpos e 26 est\u00e3o desaparecidos&#8221;, afirmou.<\/p>\n<p>A embarca\u00e7\u00e3o estava transportando pessoas de Lunga, na prov\u00edncia de Nampula, para a Ilha de Mo\u00e7ambique, disse ele, acrescentando que os relatos iniciais indicavam que ela havia sido atingida por uma onda gigante.<\/p>\n<p>Os passageiros estavam fugindo de um surto de c\u00f3lera, informou a emissora estatal TVM, citando outro administrador mar\u00edtimo local.<\/p>\n<p>Jaime Neto, secret\u00e1rio de Estado da prov\u00edncia de Nampula, tamb\u00e9m disse que os passageiros estavam fugindo de c\u00f3lera, segundo a BBC.<\/p>\n<p>&#8220;Como o barco estava superlotado e n\u00e3o era adequado para transportar passageiros, ele acabou afundando&#8221;, afirmou ele \u00e0 BBC, acrescentando que muitas crian\u00e7as estavam entre os mortos.<\/p>\n<p>V\u00eddeos postados na m\u00eddia social X mostraram muitos corpos em uma praia e algumas pessoas carregando os corpos de crian\u00e7as. A Reuters n\u00e3o p\u00f4de verificar imediatamente esses v\u00eddeos.<\/p>\n<p>Mo\u00e7ambique e outros pa\u00edses do sul da \u00c1frica est\u00e3o lutando contra surtos de c\u00f3lera desde o ano passado.<\/p>\n<p>Fonte: Ag\u00eancia Brasil<\/p>\n","protected":false},"excerpt":{"rendered":"<p>Pelo menos 94 pessoas morreram, incluindo crian\u00e7as, e 26 est\u00e3o desaparecidas depois que uma embarca\u00e7\u00e3o virou na costa norte de Mo\u00e7ambique, informou uma autoridade do&#8230;<\/p>\n","protected":false},"author":1527,"featured_media":50759,"comment_status":"closed","ping_status":"closed","sticky":false,"template":"","format":"standard","meta":{"footnotes":""},"categories":[6],"tags":[],"class_list":["post-50758","post","type-post","status-publish","format-standard","has-post-thumbnail","hentry","category-noticias"],"_links":{"self":[{"href":"https:\/\/www.sincomam.org.br\/index.php\/wp-json\/wp\/v2\/posts\/50758","targetHints":{"allow":["GET"]}}],"collection":[{"href":"https:\/\/www.sincomam.org.br\/index.php\/wp-json\/wp\/v2\/posts"}],"about":[{"href":"https:\/\/www.sincomam.org.br\/index.php\/wp-json\/wp\/v2\/types\/post"}],"author":[{"embeddable":true,"href":"https:\/\/www.sincomam.org.br\/index.php\/wp-json\/wp\/v2\/users\/1527"}],"replies":[{"embeddable":true,"href":"https:\/\/www.sincomam.org.br\/index.php\/wp-json\/wp\/v2\/comments?post=50758"}],"version-history":[{"count":2,"href":"https:\/\/www.sincomam.org.br\/index.php\/wp-json\/wp\/v2\/posts\/50758\/revisions"}],"predecessor-version":[{"id":50761,"href":"https:\/\/www.sincomam.org.br\/index.php\/wp-json\/wp\/v2\/posts\/50758\/revisions\/50761"}],"wp:featuredmedia":[{"embeddable":true,"href":"https:\/\/www.sincomam.org.br\/index.php\/wp-json\/wp\/v2\/media\/50759"}],"wp:attachment":[{"href":"https:\/\/www.sincomam.org.br\/index.php\/wp-json\/wp\/v2\/media?parent=50758"}],"wp:term":[{"taxonomy":"category","embeddable":true,"href":"https:\/\/www.sincomam.org.br\/index.php\/wp-json\/wp\/v2\/categories?post=50758"},{"taxonomy":"post_tag","embeddable":true,"href":"https:\/\/www.sincomam.org.br\/index.php\/wp-json\/wp\/v2\/tags?post=50758"}],"curies":[{"name":"wp","href":"https:\/\/api.w.org\/{rel}","templated":true}]}}