{"id":50755,"date":"2024-04-09T07:53:45","date_gmt":"2024-04-09T10:53:45","guid":{"rendered":"http:\/\/www.sincomam.org.br\/?p=50755"},"modified":"2024-04-09T07:53:45","modified_gmt":"2024-04-09T10:53:45","slug":"com-marco-mais-quente-ja-registrado-terra-tem-10o-mes-seguido-com-recorde-de-calor","status":"publish","type":"post","link":"https:\/\/www.sincomam.org.br\/index.php\/com-marco-mais-quente-ja-registrado-terra-tem-10o-mes-seguido-com-recorde-de-calor\/","title":{"rendered":"Com mar\u00e7o mais quente j\u00e1 registrado, Terra tem 10\u00ba m\u00eas seguido com recorde de calor"},"content":{"rendered":"<div id=\"chunk-dv03v\">\n<div class=\"mc-column content-text active-extra-styles \" data-block-type=\"unstyled\" data-block-weight=\"35\" data-block-id=\"2\">\n<p class=\" content-text__container \" data-track-category=\"Link no Texto\" data-track-links=\"\" data-mrf-recirculation=\"Article links\">Mar\u00e7o de 2024 foi o mais quente j\u00e1 registrado, de acordo com relat\u00f3rio divulgado pelo observat\u00f3rio europeu Copernicus (C3S) nesta segunda-feira (8). Esse \u00e9 o 10\u00ba m\u00eas consecutivo de recorde de calor, segundo os cientistas.<\/p>\n<\/div>\n<\/div>\n<div class=\"wall protected-content\">\n<div id=\"chunk-2varn\">\n<div class=\"mc-column content-text active-extra-styles \" data-block-type=\"unstyled\" data-block-weight=\"25\" data-block-id=\"4\">\n<p class=\" content-text__container \" data-track-category=\"Link no Texto\" data-track-links=\"\" data-mrf-recirculation=\"Article links\">Em tese, cada um dos \u00faltimos 10 meses foi classificado como o mais quente da hist\u00f3ria, na compara\u00e7\u00e3o com cada m\u00eas correspondente dos anos anteriores.<\/p>\n<\/div>\n<\/div>\n<div id=\"chunk-egulp\">\n<div class=\"mc-column content-text active-extra-styles \" data-block-type=\"unstyled\" data-block-weight=\"35\" data-block-id=\"5\">\n<p class=\" content-text__container \" data-track-category=\"Link no Texto\" data-track-links=\"\" data-mrf-recirculation=\"Article links\">O Copernicus informou que o per\u00edodo entre abril de 2023 e mar\u00e7o de 2024 foi considerado os 12 meses mais quentes do planeta, com temperatura 1,58\u00baC acima da m\u00e9dia da era pr\u00e9-industrial, no s\u00e9culo 19.<\/p>\n<\/div>\n<\/div>\n<div id=\"chunk-233ih\">\n<div class=\"mc-column content-text active-extra-styles \" data-block-type=\"unstyled\" data-block-weight=\"38\" data-block-id=\"6\">\n<p class=\" content-text__container \" data-track-category=\"Link no Texto\" data-track-links=\"\" data-mrf-recirculation=\"Article links\">Os cientistas do observat\u00f3rio europeu afirmaram que a principal causa do calor acima da m\u00e9dia s\u00e3o as emiss\u00f5es de gases de efeito estufa. Al\u00e9m disso, o El Ni\u00f1o tamb\u00e9m contribuiu para o aumento da temperatura nos \u00faltimos meses.<\/p>\n<\/div>\n<\/div>\n<\/div>\n<div id=\"chunk-d0nfo\">\n<div class=\"mc-column content-text active-extra-styles \" data-block-type=\"unstyled\" data-block-weight=\"15\" data-block-id=\"9\">\n<p class=\" content-text__container \" data-track-category=\"Link no Texto\" data-track-links=\"\" data-mrf-recirculation=\"Article links\">As mudan\u00e7as clim\u00e1ticas puderam ser notadas nos \u00faltimos meses em diversos pontos da Terra.<\/p>\n<\/div>\n<\/div>\n<div id=\"chunk-1cu8o\">\n<div class=\"mc-column content-text active-extra-styles \" data-block-type=\"unstyled\" data-block-weight=\"37\" data-block-id=\"10\">\n<p class=\" content-text__container \" data-track-category=\"Link no Texto\" data-track-links=\"\" data-mrf-recirculation=\"Article links\">A seca, por exemplo, provocou recorde de inc\u00eandios florestais na \u00e1rea amaz\u00f4nica sob o controle da Venezuela, entre janeiro e mar\u00e7o. J\u00e1 no sul da \u00c1frica, colheitas foram destru\u00eddas, deixando milhares de pessoas em situa\u00e7\u00e3o de fome.<\/p>\n<\/div>\n<\/div>\n<div id=\"chunk-1o7cc\">\n<div class=\"mc-column content-text active-extra-styles\" data-block-type=\"raw\" data-block-weight=\"3\" data-block-id=\"11\">\n<p class=\"content-text__container\" data-mrf-recirculation=\"Article links\"><strong>Lista de recordes<\/strong><\/p>\n<p>A marca de temperatura de mar\u00e7o se soma \u00e0 lista de recordes globais de calor neste e no \u00faltimo ano:<\/p>\n<\/div>\n<\/div>\n<div id=\"chunk-241l\">\n<div class=\"mc-column content-text active-extra-styles\" data-block-type=\"raw\" data-block-weight=\"114\" data-block-id=\"13\">\n<ul class=\"content-unordered-list\" data-mrf-recirculation=\"Recomendado\">\n<li>Primeiro, o planeta registrou o m\u00eas de\u00a0junho mais quente da hist\u00f3ria.<\/li>\n<li>Depois, a marca foi sendo quebrada a cada novo m\u00eas:\u00a0julho,\u00a0agosto,\u00a0setembro,\u00a0outubro, novembro, dezembro, janeiro,\u00a0fevereiro\u00a0e, agora, mar\u00e7o.<\/li>\n<li>Al\u00e9m disso, o n\u00famero de dias que ultrapassou o limiar de aquecimento politicamente significativo de 1,5\u00baC j\u00e1 atingiu um novo m\u00e1ximo, muito antes do final de 2023.<\/li>\n<li>E, para piorar, pela 1\u00aa vez, o mundo registrou um dia com a temperatura m\u00e9dia global 2\u00b0C acima da era pr\u00e9-industrial.<\/li>\n<li>Fora tudo isso, julho de 2023 foi t\u00e3o quente que pode ter sido o m\u00eas mais quente em 120 mil anos, enquanto as temperaturas m\u00e9dias de setembro quebraram o recorde anterior em 0,5\u00b0C.<\/li>\n<\/ul>\n<p>Fonte: G1<\/p>\n<\/div>\n<\/div>\n<div id=\"chunk-74kfc\">\n<div class=\"content-ads content-ads--reveal\" data-block-type=\"ads\" data-block-id=\"14\">\n<div id=\"banner_materia__aac84f48-c033-45eb-9354-45ff0ce5229d\" class=\"tag-manager-publicidade-container mc-has-reveal mc-has-ad-lazyload tag-manager-publicidade-banner_materia__aac84f48-c033-45eb-9354-45ff0ce5229d tag-manager-publicidade-container--carregado tag-manager-publicidade-container--visivel\" data-id=\"banner_materia__aac84f48-c033-45eb-9354-45ff0ce5229d\" data-google-query-id=\"CKb5gKX7tIUDFZJYuAQdDjkAUg\"><\/div>\n<\/div>\n<\/div>\n<p data-track-category=\"Link no Texto\" data-track-links=\"\" data-mrf-recirculation=\"Article links\">\n<p data-track-category=\"Link no Texto\" data-track-links=\"\" data-mrf-recirculation=\"Article links\">\n<p data-track-category=\"Link no Texto\" data-track-links=\"\" data-mrf-recirculation=\"Article links\">\n<p data-track-category=\"Link no Texto\" data-track-links=\"\" data-mrf-recirculation=\"Article links\">\n<p data-track-category=\"Link no Texto\" data-track-links=\"\" data-mrf-recirculation=\"Article links\">\n","protected":false},"excerpt":{"rendered":"<p>Mar\u00e7o de 2024 foi o mais quente j\u00e1 registrado, de acordo com relat\u00f3rio divulgado pelo observat\u00f3rio europeu Copernicus (C3S) nesta segunda-feira (8). Esse \u00e9 o&#8230;<\/p>\n","protected":false},"author":1527,"featured_media":50756,"comment_status":"closed","ping_status":"closed","sticky":false,"template":"","format":"standard","meta":{"footnotes":""},"categories":[6],"tags":[],"class_list":["post-50755","post","type-post","status-publish","format-standard","has-post-thumbnail","hentry","category-noticias"],"_links":{"self":[{"href":"https:\/\/www.sincomam.org.br\/index.php\/wp-json\/wp\/v2\/posts\/50755","targetHints":{"allow":["GET"]}}],"collection":[{"href":"https:\/\/www.sincomam.org.br\/index.php\/wp-json\/wp\/v2\/posts"}],"about":[{"href":"https:\/\/www.sincomam.org.br\/index.php\/wp-json\/wp\/v2\/types\/post"}],"author":[{"embeddable":true,"href":"https:\/\/www.sincomam.org.br\/index.php\/wp-json\/wp\/v2\/users\/1527"}],"replies":[{"embeddable":true,"href":"https:\/\/www.sincomam.org.br\/index.php\/wp-json\/wp\/v2\/comments?post=50755"}],"version-history":[{"count":1,"href":"https:\/\/www.sincomam.org.br\/index.php\/wp-json\/wp\/v2\/posts\/50755\/revisions"}],"predecessor-version":[{"id":50757,"href":"https:\/\/www.sincomam.org.br\/index.php\/wp-json\/wp\/v2\/posts\/50755\/revisions\/50757"}],"wp:featuredmedia":[{"embeddable":true,"href":"https:\/\/www.sincomam.org.br\/index.php\/wp-json\/wp\/v2\/media\/50756"}],"wp:attachment":[{"href":"https:\/\/www.sincomam.org.br\/index.php\/wp-json\/wp\/v2\/media?parent=50755"}],"wp:term":[{"taxonomy":"category","embeddable":true,"href":"https:\/\/www.sincomam.org.br\/index.php\/wp-json\/wp\/v2\/categories?post=50755"},{"taxonomy":"post_tag","embeddable":true,"href":"https:\/\/www.sincomam.org.br\/index.php\/wp-json\/wp\/v2\/tags?post=50755"}],"curies":[{"name":"wp","href":"https:\/\/api.w.org\/{rel}","templated":true}]}}